{"id":880,"date":"2018-07-30T14:45:56","date_gmt":"2018-07-30T14:45:56","guid":{"rendered":"http:\/\/centralromana.com.do\/central-romana-celebra-exitoso-torneo-de-golf-fin-de-zafra-2018\/?lang=en"},"modified":"2018-08-07T15:22:46","modified_gmt":"2018-08-07T15:22:46","slug":"central-romana-celebra-exitoso-torneo-de-golf-fin-de-zafra-2018","status":"publish","type":"post","link":"https:\/\/centralromana.com.do\/en\/central-romana-celebra-exitoso-torneo-de-golf-fin-de-zafra-2018\/","title":{"rendered":"Central Romana celebrates successful Fin de Zafra golf tournament"},"content":{"rendered":"<p><a href=\"http:\/\/centralromana.com.do\/wp-content\/uploads\/2018\/08\/Ram\u00f3n-Men\u00e9ndez-recibe-el-trofeo-del-3er-lugar-que-obtuvo-junto-a-su-nieto-en-el-torneo-de-golf-Fin-de-Zafra-Central-Romana.-Entregan-Frank-Micheli-der-y-Rafael-Santana-izq.jpg\"><img decoding=\"async\" class=\"aligncenter wp-image-877 lazyload\" data-src=\"http:\/\/centralromana.com.do\/wp-content\/uploads\/2018\/08\/Ram\u00f3n-Men\u00e9ndez-recibe-el-trofeo-del-3er-lugar-que-obtuvo-junto-a-su-nieto-en-el-torneo-de-golf-Fin-de-Zafra-Central-Romana.-Entregan-Frank-Micheli-der-y-Rafael-Santana-izq.jpg\" alt=\"\" width=\"704\" height=\"503\" data-srcset=\"https:\/\/centralromana.com.do\/wp-content\/uploads\/2018\/08\/Ram\u00f3n-Men\u00e9ndez-recibe-el-trofeo-del-3er-lugar-que-obtuvo-junto-a-su-nieto-en-el-torneo-de-golf-Fin-de-Zafra-Central-Romana.-Entregan-Frank-Micheli-der-y-Rafael-Santana-izq.jpg 2100w, https:\/\/centralromana.com.do\/wp-content\/uploads\/2018\/08\/Ram\u00f3n-Men\u00e9ndez-recibe-el-trofeo-del-3er-lugar-que-obtuvo-junto-a-su-nieto-en-el-torneo-de-golf-Fin-de-Zafra-Central-Romana.-Entregan-Frank-Micheli-der-y-Rafael-Santana-izq-250x179.jpg 250w, https:\/\/centralromana.com.do\/wp-content\/uploads\/2018\/08\/Ram\u00f3n-Men\u00e9ndez-recibe-el-trofeo-del-3er-lugar-que-obtuvo-junto-a-su-nieto-en-el-torneo-de-golf-Fin-de-Zafra-Central-Romana.-Entregan-Frank-Micheli-der-y-Rafael-Santana-izq-768x549.jpg 768w, https:\/\/centralromana.com.do\/wp-content\/uploads\/2018\/08\/Ram\u00f3n-Men\u00e9ndez-recibe-el-trofeo-del-3er-lugar-que-obtuvo-junto-a-su-nieto-en-el-torneo-de-golf-Fin-de-Zafra-Central-Romana.-Entregan-Frank-Micheli-der-y-Rafael-Santana-izq-700x500.jpg 700w, https:\/\/centralromana.com.do\/wp-content\/uploads\/2018\/08\/Ram\u00f3n-Men\u00e9ndez-recibe-el-trofeo-del-3er-lugar-que-obtuvo-junto-a-su-nieto-en-el-torneo-de-golf-Fin-de-Zafra-Central-Romana.-Entregan-Frank-Micheli-der-y-Rafael-Santana-izq-120x86.jpg 120w\" data-sizes=\"(max-width: 704px) 100vw, 704px\" src=\"data:image\/svg+xml;base64,PHN2ZyB3aWR0aD0iMSIgaGVpZ2h0PSIxIiB4bWxucz0iaHR0cDovL3d3dy53My5vcmcvMjAwMC9zdmciPjwvc3ZnPg==\" style=\"--smush-placeholder-width: 704px; --smush-placeholder-aspect-ratio: 704\/503;\" \/><\/a><\/p>\n<p><em>La Romana-<\/em> With 62 net shots, the couple formed by Carlos Pichardo and Jan Giha won first place in the Fin de Zafra golf tournament held in The Links of Casa de Campo, hosted by Central Romana Corporation, Ltd.<\/p>\n<p>A total of 68 players participated in the traditional event, organized by the Club de Golf Cajuiles, in which Central Romana celebrates the end of the sugar harvest.<\/p>\n<p>The 2nd and 3rd position were established by card comparison with 63 shots, reaching the second place the couple formed by Teodoro Reyes and Valent\u00edn Mart\u00ednez, and third place came upon Ram\u00f3n Men\u00e9ndez and Ramon Brenes.<\/p>\n<p>Special recognition was also given during the luncheon ceremony in the categories of best approach to the flag, awarded to Leo Proa\u00f1o in the 5th hole, and Rafael Infante at the 13th hole.<\/p>\n<p>The most accurate drive was accomplished at the 18th hole by Julio Pi\u00f1a.<\/p>\n","protected":false},"excerpt":{"rendered":"La Romana- With 62 net shots, the couple formed by Carlos Pichardo and Jan Giha won first place in the Fin de Zafra golf tournament held in The Links of Casa de Campo, hosted by Central Romana Corporation, Ltd. A total of 68 players participated in the traditional event, organized by the Club de Golf&#8230; <a class=\"view-article\" href=\"https:\/\/centralromana.com.do\/en\/central-romana-celebra-exitoso-torneo-de-golf-fin-de-zafra-2018\/\">View Article<\/a>","protected":false},"author":6,"featured_media":879,"comment_status":"open","ping_status":"open","sticky":false,"template":"","format":"standard","meta":{"_acf_changed":false,"ngg_post_thumbnail":0,"footnotes":""},"categories":[6],"tags":[25,103,102,104,73,105,79],"class_list":["post-880","post","type-post","status-publish","format-standard","has-post-thumbnail","hentry","category-corporate-information","tag-fin-de-zafra","tag-fin-de-zafra-en","tag-golf","tag-golf-en","tag-torneo","tag-torneo-en","tag-tournament"],"acf":[],"yoast_head":"<!-- This site is optimized with the Yoast SEO plugin v25.9 - https:\/\/yoast.com\/wordpress\/plugins\/seo\/ -->\n<title>Central Romana celebrates successful Fin de Zafra golf tournament - Central Romana<\/title>\n<meta name=\"robots\" content=\"index, follow, max-snippet:-1, max-image-preview:large, max-video-preview:-1\" \/>\n<link rel=\"canonical\" href=\"https:\/\/centralromana.com.do\/central-romana-celebra-exitoso-torneo-de-golf-fin-de-zafra-2018\/\" \/>\n<meta property=\"og:locale\" content=\"en_US\" \/>\n<meta property=\"og:type\" content=\"article\" \/>\n<meta property=\"og:title\" content=\"Central Romana celebrates successful Fin de Zafra golf tournament - Central Romana\" \/>\n<meta property=\"og:description\" content=\"La Romana- With 62 net shots, the couple formed by Carlos Pichardo and Jan Giha won first place in the Fin de Zafra golf tournament held in The Links of Casa de Campo, hosted by Central Romana Corporation, Ltd. A total of 68 players participated in the traditional event, organized by the Club de Golf... View Article\" \/>\n<meta property=\"og:url\" content=\"https:\/\/centralromana.com.do\/central-romana-celebra-exitoso-torneo-de-golf-fin-de-zafra-2018\/\" \/>\n<meta property=\"og:site_name\" content=\"Central Romana\" \/>\n<meta property=\"article:published_time\" content=\"2018-07-30T14:45:56+00:00\" \/>\n<meta property=\"article:modified_time\" content=\"2018-08-07T15:22:46+00:00\" \/>\n<meta property=\"og:image\" content=\"https:\/\/centralromana.com.do\/wp-content\/uploads\/2018\/08\/Jan-Giha-y-Carlos-Pichardo-al-centro-reciben-el-trofeo-del-1er-lugar-en-el-torneo-de-golf-Fin-de-Zafra-Central-Romana-entregado-por-Frank-Micheli-izq-y-Cayo-Gonzalez-der-2.jpg\" \/>\n\t<meta property=\"og:image:width\" content=\"1635\" \/>\n\t<meta property=\"og:image:height\" content=\"866\" \/>\n\t<meta property=\"og:image:type\" content=\"image\/jpeg\" \/>\n<meta name=\"author\" content=\"Relaciones P\u00fablicas\" \/>\n<meta name=\"twitter:card\" content=\"summary_large_image\" \/>\n<meta name=\"twitter:label1\" content=\"Written by\" \/>\n\t<meta name=\"twitter:data1\" content=\"Relaciones P\u00fablicas\" \/>\n\t<meta name=\"twitter:label2\" content=\"Est. reading time\" \/>\n\t<meta name=\"twitter:data2\" content=\"1 minute\" \/>\n<script type=\"application\/ld+json\" class=\"yoast-schema-graph\">{\"@context\":\"https:\/\/schema.org\",\"@graph\":[{\"@type\":\"Article\",\"@id\":\"https:\/\/centralromana.com.do\/central-romana-celebra-exitoso-torneo-de-golf-fin-de-zafra-2018\/#article\",\"isPartOf\":{\"@id\":\"https:\/\/centralromana.com.do\/central-romana-celebra-exitoso-torneo-de-golf-fin-de-zafra-2018\/\"},\"author\":{\"name\":\"Relaciones P\u00fablicas\",\"@id\":\"https:\/\/centralromana.com.do\/?lang=en\/#\/schema\/person\/865e7be7a5e838a950ec8b29653ea754\"},\"headline\":\"Central Romana celebrates successful Fin de Zafra golf tournament\",\"datePublished\":\"2018-07-30T14:45:56+00:00\",\"dateModified\":\"2018-08-07T15:22:46+00:00\",\"mainEntityOfPage\":{\"@id\":\"https:\/\/centralromana.com.do\/central-romana-celebra-exitoso-torneo-de-golf-fin-de-zafra-2018\/\"},\"wordCount\":161,\"commentCount\":0,\"publisher\":{\"@id\":\"https:\/\/centralromana.com.do\/?lang=en\/#organization\"},\"image\":{\"@id\":\"https:\/\/centralromana.com.do\/central-romana-celebra-exitoso-torneo-de-golf-fin-de-zafra-2018\/#primaryimage\"},\"thumbnailUrl\":\"https:\/\/centralromana.com.do\/wp-content\/uploads\/2018\/08\/Jan-Giha-y-Carlos-Pichardo-al-centro-reciben-el-trofeo-del-1er-lugar-en-el-torneo-de-golf-Fin-de-Zafra-Central-Romana-entregado-por-Frank-Micheli-izq-y-Cayo-Gonzalez-der-2.jpg\",\"keywords\":[\"fin de zafra\",\"fin de zafra\",\"golf\",\"golf\",\"torneo\",\"torneo\",\"tournament\"],\"articleSection\":[\"Corporate Information\"],\"inLanguage\":\"en-US\",\"potentialAction\":[{\"@type\":\"CommentAction\",\"name\":\"Comment\",\"target\":[\"https:\/\/centralromana.com.do\/central-romana-celebra-exitoso-torneo-de-golf-fin-de-zafra-2018\/#respond\"]}]},{\"@type\":\"WebPage\",\"@id\":\"https:\/\/centralromana.com.do\/central-romana-celebra-exitoso-torneo-de-golf-fin-de-zafra-2018\/\",\"url\":\"https:\/\/centralromana.com.do\/central-romana-celebra-exitoso-torneo-de-golf-fin-de-zafra-2018\/\",\"name\":\"Central Romana celebrates successful Fin de Zafra golf tournament - Central Romana\",\"isPartOf\":{\"@id\":\"https:\/\/centralromana.com.do\/?lang=en\/#website\"},\"primaryImageOfPage\":{\"@id\":\"https:\/\/centralromana.com.do\/central-romana-celebra-exitoso-torneo-de-golf-fin-de-zafra-2018\/#primaryimage\"},\"image\":{\"@id\":\"https:\/\/centralromana.com.do\/central-romana-celebra-exitoso-torneo-de-golf-fin-de-zafra-2018\/#primaryimage\"},\"thumbnailUrl\":\"https:\/\/centralromana.com.do\/wp-content\/uploads\/2018\/08\/Jan-Giha-y-Carlos-Pichardo-al-centro-reciben-el-trofeo-del-1er-lugar-en-el-torneo-de-golf-Fin-de-Zafra-Central-Romana-entregado-por-Frank-Micheli-izq-y-Cayo-Gonzalez-der-2.jpg\",\"datePublished\":\"2018-07-30T14:45:56+00:00\",\"dateModified\":\"2018-08-07T15:22:46+00:00\",\"breadcrumb\":{\"@id\":\"https:\/\/centralromana.com.do\/central-romana-celebra-exitoso-torneo-de-golf-fin-de-zafra-2018\/#breadcrumb\"},\"inLanguage\":\"en-US\",\"potentialAction\":[{\"@type\":\"ReadAction\",\"target\":[\"https:\/\/centralromana.com.do\/central-romana-celebra-exitoso-torneo-de-golf-fin-de-zafra-2018\/\"]}]},{\"@type\":\"ImageObject\",\"inLanguage\":\"en-US\",\"@id\":\"https:\/\/centralromana.com.do\/central-romana-celebra-exitoso-torneo-de-golf-fin-de-zafra-2018\/#primaryimage\",\"url\":\"https:\/\/centralromana.com.do\/wp-content\/uploads\/2018\/08\/Jan-Giha-y-Carlos-Pichardo-al-centro-reciben-el-trofeo-del-1er-lugar-en-el-torneo-de-golf-Fin-de-Zafra-Central-Romana-entregado-por-Frank-Micheli-izq-y-Cayo-Gonzalez-der-2.jpg\",\"contentUrl\":\"https:\/\/centralromana.com.do\/wp-content\/uploads\/2018\/08\/Jan-Giha-y-Carlos-Pichardo-al-centro-reciben-el-trofeo-del-1er-lugar-en-el-torneo-de-golf-Fin-de-Zafra-Central-Romana-entregado-por-Frank-Micheli-izq-y-Cayo-Gonzalez-der-2.jpg\",\"width\":1635,\"height\":866},{\"@type\":\"BreadcrumbList\",\"@id\":\"https:\/\/centralromana.com.do\/central-romana-celebra-exitoso-torneo-de-golf-fin-de-zafra-2018\/#breadcrumb\",\"itemListElement\":[{\"@type\":\"ListItem\",\"position\":1,\"name\":\"Portada\",\"item\":\"https:\/\/centralromana.com.do\/en\/\"},{\"@type\":\"ListItem\",\"position\":2,\"name\":\"Central Romana celebrates successful Fin de Zafra golf tournament\"}]},{\"@type\":\"WebSite\",\"@id\":\"https:\/\/centralromana.com.do\/?lang=en\/#website\",\"url\":\"https:\/\/centralromana.com.do\/?lang=en\/\",\"name\":\"Central Romana\",\"description\":\"Central Romana: A century of Dominican excellence in sugar innovation, tourism, and diversified sectors, fostering social impact\",\"publisher\":{\"@id\":\"https:\/\/centralromana.com.do\/?lang=en\/#organization\"},\"potentialAction\":[{\"@type\":\"SearchAction\",\"target\":{\"@type\":\"EntryPoint\",\"urlTemplate\":\"https:\/\/centralromana.com.do\/?lang=en\/?s={search_term_string}\"},\"query-input\":{\"@type\":\"PropertyValueSpecification\",\"valueRequired\":true,\"valueName\":\"search_term_string\"}}],\"inLanguage\":\"en-US\"},{\"@type\":\"Organization\",\"@id\":\"https:\/\/centralromana.com.do\/?lang=en\/#organization\",\"name\":\"Central Romana Corporation\",\"alternateName\":\"Central Romana\",\"url\":\"https:\/\/centralromana.com.do\/?lang=en\/\",\"logo\":{\"@type\":\"ImageObject\",\"inLanguage\":\"en-US\",\"@id\":\"https:\/\/centralromana.com.do\/?lang=en\/#\/schema\/logo\/image\/\",\"url\":\"https:\/\/centralromana.com.do\/wp-content\/uploads\/2024\/09\/central-romana-favicon.jpg\",\"contentUrl\":\"https:\/\/centralromana.com.do\/wp-content\/uploads\/2024\/09\/central-romana-favicon.jpg\",\"width\":144,\"height\":144,\"caption\":\"Central Romana Corporation\"},\"image\":{\"@id\":\"https:\/\/centralromana.com.do\/?lang=en\/#\/schema\/logo\/image\/\"}},{\"@type\":\"Person\",\"@id\":\"https:\/\/centralromana.com.do\/?lang=en\/#\/schema\/person\/865e7be7a5e838a950ec8b29653ea754\",\"name\":\"Relaciones P\u00fablicas\",\"image\":{\"@type\":\"ImageObject\",\"inLanguage\":\"en-US\",\"@id\":\"https:\/\/centralromana.com.do\/?lang=en\/#\/schema\/person\/image\/\",\"url\":\"https:\/\/secure.gravatar.com\/avatar\/7f31e463429d64ef6d9a0f27d0ae842f18467490a635d0e7702eb580d3de7fa4?s=96&d=mm&r=g\",\"contentUrl\":\"https:\/\/secure.gravatar.com\/avatar\/7f31e463429d64ef6d9a0f27d0ae842f18467490a635d0e7702eb580d3de7fa4?s=96&d=mm&r=g\",\"caption\":\"Relaciones P\u00fablicas\"},\"sameAs\":[\"http:\/\/rl@centralromana.com.do\"],\"url\":\"https:\/\/centralromana.com.do\/en\/author\/relacionespublicas\/\"}]}<\/script>\n<!-- \/ Yoast SEO plugin. -->","yoast_head_json":{"title":"Central Romana celebrates successful Fin de Zafra golf tournament - Central Romana","robots":{"index":"index","follow":"follow","max-snippet":"max-snippet:-1","max-image-preview":"max-image-preview:large","max-video-preview":"max-video-preview:-1"},"canonical":"https:\/\/centralromana.com.do\/central-romana-celebra-exitoso-torneo-de-golf-fin-de-zafra-2018\/","og_locale":"en_US","og_type":"article","og_title":"Central Romana celebrates successful Fin de Zafra golf tournament - Central Romana","og_description":"La Romana- With 62 net shots, the couple formed by Carlos Pichardo and Jan Giha won first place in the Fin de Zafra golf tournament held in The Links of Casa de Campo, hosted by Central Romana Corporation, Ltd. A total of 68 players participated in the traditional event, organized by the Club de Golf... View Article","og_url":"https:\/\/centralromana.com.do\/central-romana-celebra-exitoso-torneo-de-golf-fin-de-zafra-2018\/","og_site_name":"Central Romana","article_published_time":"2018-07-30T14:45:56+00:00","article_modified_time":"2018-08-07T15:22:46+00:00","og_image":[{"width":1635,"height":866,"url":"https:\/\/centralromana.com.do\/wp-content\/uploads\/2018\/08\/Jan-Giha-y-Carlos-Pichardo-al-centro-reciben-el-trofeo-del-1er-lugar-en-el-torneo-de-golf-Fin-de-Zafra-Central-Romana-entregado-por-Frank-Micheli-izq-y-Cayo-Gonzalez-der-2.jpg","type":"image\/jpeg"}],"author":"Relaciones P\u00fablicas","twitter_card":"summary_large_image","twitter_misc":{"Written by":"Relaciones P\u00fablicas","Est. reading time":"1 minute"},"schema":{"@context":"https:\/\/schema.org","@graph":[{"@type":"Article","@id":"https:\/\/centralromana.com.do\/central-romana-celebra-exitoso-torneo-de-golf-fin-de-zafra-2018\/#article","isPartOf":{"@id":"https:\/\/centralromana.com.do\/central-romana-celebra-exitoso-torneo-de-golf-fin-de-zafra-2018\/"},"author":{"name":"Relaciones P\u00fablicas","@id":"https:\/\/centralromana.com.do\/?lang=en\/#\/schema\/person\/865e7be7a5e838a950ec8b29653ea754"},"headline":"Central Romana celebrates successful Fin de Zafra golf tournament","datePublished":"2018-07-30T14:45:56+00:00","dateModified":"2018-08-07T15:22:46+00:00","mainEntityOfPage":{"@id":"https:\/\/centralromana.com.do\/central-romana-celebra-exitoso-torneo-de-golf-fin-de-zafra-2018\/"},"wordCount":161,"commentCount":0,"publisher":{"@id":"https:\/\/centralromana.com.do\/?lang=en\/#organization"},"image":{"@id":"https:\/\/centralromana.com.do\/central-romana-celebra-exitoso-torneo-de-golf-fin-de-zafra-2018\/#primaryimage"},"thumbnailUrl":"https:\/\/centralromana.com.do\/wp-content\/uploads\/2018\/08\/Jan-Giha-y-Carlos-Pichardo-al-centro-reciben-el-trofeo-del-1er-lugar-en-el-torneo-de-golf-Fin-de-Zafra-Central-Romana-entregado-por-Frank-Micheli-izq-y-Cayo-Gonzalez-der-2.jpg","keywords":["fin de zafra","fin de zafra","golf","golf","torneo","torneo","tournament"],"articleSection":["Corporate Information"],"inLanguage":"en-US","potentialAction":[{"@type":"CommentAction","name":"Comment","target":["https:\/\/centralromana.com.do\/central-romana-celebra-exitoso-torneo-de-golf-fin-de-zafra-2018\/#respond"]}]},{"@type":"WebPage","@id":"https:\/\/centralromana.com.do\/central-romana-celebra-exitoso-torneo-de-golf-fin-de-zafra-2018\/","url":"https:\/\/centralromana.com.do\/central-romana-celebra-exitoso-torneo-de-golf-fin-de-zafra-2018\/","name":"Central Romana celebrates successful Fin de Zafra golf tournament - Central Romana","isPartOf":{"@id":"https:\/\/centralromana.com.do\/?lang=en\/#website"},"primaryImageOfPage":{"@id":"https:\/\/centralromana.com.do\/central-romana-celebra-exitoso-torneo-de-golf-fin-de-zafra-2018\/#primaryimage"},"image":{"@id":"https:\/\/centralromana.com.do\/central-romana-celebra-exitoso-torneo-de-golf-fin-de-zafra-2018\/#primaryimage"},"thumbnailUrl":"https:\/\/centralromana.com.do\/wp-content\/uploads\/2018\/08\/Jan-Giha-y-Carlos-Pichardo-al-centro-reciben-el-trofeo-del-1er-lugar-en-el-torneo-de-golf-Fin-de-Zafra-Central-Romana-entregado-por-Frank-Micheli-izq-y-Cayo-Gonzalez-der-2.jpg","datePublished":"2018-07-30T14:45:56+00:00","dateModified":"2018-08-07T15:22:46+00:00","breadcrumb":{"@id":"https:\/\/centralromana.com.do\/central-romana-celebra-exitoso-torneo-de-golf-fin-de-zafra-2018\/#breadcrumb"},"inLanguage":"en-US","potentialAction":[{"@type":"ReadAction","target":["https:\/\/centralromana.com.do\/central-romana-celebra-exitoso-torneo-de-golf-fin-de-zafra-2018\/"]}]},{"@type":"ImageObject","inLanguage":"en-US","@id":"https:\/\/centralromana.com.do\/central-romana-celebra-exitoso-torneo-de-golf-fin-de-zafra-2018\/#primaryimage","url":"https:\/\/centralromana.com.do\/wp-content\/uploads\/2018\/08\/Jan-Giha-y-Carlos-Pichardo-al-centro-reciben-el-trofeo-del-1er-lugar-en-el-torneo-de-golf-Fin-de-Zafra-Central-Romana-entregado-por-Frank-Micheli-izq-y-Cayo-Gonzalez-der-2.jpg","contentUrl":"https:\/\/centralromana.com.do\/wp-content\/uploads\/2018\/08\/Jan-Giha-y-Carlos-Pichardo-al-centro-reciben-el-trofeo-del-1er-lugar-en-el-torneo-de-golf-Fin-de-Zafra-Central-Romana-entregado-por-Frank-Micheli-izq-y-Cayo-Gonzalez-der-2.jpg","width":1635,"height":866},{"@type":"BreadcrumbList","@id":"https:\/\/centralromana.com.do\/central-romana-celebra-exitoso-torneo-de-golf-fin-de-zafra-2018\/#breadcrumb","itemListElement":[{"@type":"ListItem","position":1,"name":"Portada","item":"https:\/\/centralromana.com.do\/en\/"},{"@type":"ListItem","position":2,"name":"Central Romana celebrates successful Fin de Zafra golf tournament"}]},{"@type":"WebSite","@id":"https:\/\/centralromana.com.do\/?lang=en\/#website","url":"https:\/\/centralromana.com.do\/?lang=en\/","name":"Central Romana","description":"Central Romana: A century of Dominican excellence in sugar innovation, tourism, and diversified sectors, fostering social impact","publisher":{"@id":"https:\/\/centralromana.com.do\/?lang=en\/#organization"},"potentialAction":[{"@type":"SearchAction","target":{"@type":"EntryPoint","urlTemplate":"https:\/\/centralromana.com.do\/?lang=en\/?s={search_term_string}"},"query-input":{"@type":"PropertyValueSpecification","valueRequired":true,"valueName":"search_term_string"}}],"inLanguage":"en-US"},{"@type":"Organization","@id":"https:\/\/centralromana.com.do\/?lang=en\/#organization","name":"Central Romana Corporation","alternateName":"Central Romana","url":"https:\/\/centralromana.com.do\/?lang=en\/","logo":{"@type":"ImageObject","inLanguage":"en-US","@id":"https:\/\/centralromana.com.do\/?lang=en\/#\/schema\/logo\/image\/","url":"https:\/\/centralromana.com.do\/wp-content\/uploads\/2024\/09\/central-romana-favicon.jpg","contentUrl":"https:\/\/centralromana.com.do\/wp-content\/uploads\/2024\/09\/central-romana-favicon.jpg","width":144,"height":144,"caption":"Central Romana Corporation"},"image":{"@id":"https:\/\/centralromana.com.do\/?lang=en\/#\/schema\/logo\/image\/"}},{"@type":"Person","@id":"https:\/\/centralromana.com.do\/?lang=en\/#\/schema\/person\/865e7be7a5e838a950ec8b29653ea754","name":"Relaciones P\u00fablicas","image":{"@type":"ImageObject","inLanguage":"en-US","@id":"https:\/\/centralromana.com.do\/?lang=en\/#\/schema\/person\/image\/","url":"https:\/\/secure.gravatar.com\/avatar\/7f31e463429d64ef6d9a0f27d0ae842f18467490a635d0e7702eb580d3de7fa4?s=96&d=mm&r=g","contentUrl":"https:\/\/secure.gravatar.com\/avatar\/7f31e463429d64ef6d9a0f27d0ae842f18467490a635d0e7702eb580d3de7fa4?s=96&d=mm&r=g","caption":"Relaciones P\u00fablicas"},"sameAs":["http:\/\/rl@centralromana.com.do"],"url":"https:\/\/centralromana.com.do\/en\/author\/relacionespublicas\/"}]}},"_links":{"self":[{"href":"https:\/\/centralromana.com.do\/en\/wp-json\/wp\/v2\/posts\/880","targetHints":{"allow":["GET"]}}],"collection":[{"href":"https:\/\/centralromana.com.do\/en\/wp-json\/wp\/v2\/posts"}],"about":[{"href":"https:\/\/centralromana.com.do\/en\/wp-json\/wp\/v2\/types\/post"}],"author":[{"embeddable":true,"href":"https:\/\/centralromana.com.do\/en\/wp-json\/wp\/v2\/users\/6"}],"replies":[{"embeddable":true,"href":"https:\/\/centralromana.com.do\/en\/wp-json\/wp\/v2\/comments?post=880"}],"version-history":[{"count":0,"href":"https:\/\/centralromana.com.do\/en\/wp-json\/wp\/v2\/posts\/880\/revisions"}],"wp:featuredmedia":[{"embeddable":true,"href":"https:\/\/centralromana.com.do\/en\/wp-json\/wp\/v2\/media\/879"}],"wp:attachment":[{"href":"https:\/\/centralromana.com.do\/en\/wp-json\/wp\/v2\/media?parent=880"}],"wp:term":[{"taxonomy":"category","embeddable":true,"href":"https:\/\/centralromana.com.do\/en\/wp-json\/wp\/v2\/categories?post=880"},{"taxonomy":"post_tag","embeddable":true,"href":"https:\/\/centralromana.com.do\/en\/wp-json\/wp\/v2\/tags?post=880"}],"curies":[{"name":"wp","href":"https:\/\/api.w.org\/{rel}","templated":true}]}}