{"id":794,"date":"2016-10-11T13:51:31","date_gmt":"2016-10-11T13:51:31","guid":{"rendered":"http:\/\/centralromana.com.do\/?p=794&#038;lang=en"},"modified":"2016-10-11T13:51:31","modified_gmt":"2016-10-11T13:51:31","slug":"cr-signed-new-collective-agreement-with-workers-union","status":"publish","type":"post","link":"https:\/\/centralromana.com.do\/en\/cr-signed-new-collective-agreement-with-workers-union\/","title":{"rendered":"CR signed new Collective Agreement with Workers Union"},"content":{"rendered":"<style type=\"text\/css\">\n\t<!--\n\t\t@page { margin: 0.79in }\n\t\tP { margin-bottom: 0.08in }\n\t-->\n\t<\/style>\n<p lang=\"es-DO\" align=\"JUSTIFY\"><span style=\"color: #000000;\"><span style=\"font-size: medium;\">Central Romana Corporation and its Workers Union signed a new collective agreement on labor conditions which includes an 18% wage increase over a period of three years that foresees a first general increase of 7% retroactive to August 16th of this year.<\/span><\/span><\/p>\n<p lang=\"es-DO\" align=\"JUSTIFY\"><span style=\"color: #000000;\"><span style=\"font-size: medium;\">The new agreement will be effective until the year 2019 and carries similar proportion of increase in marginal benefits regarding annual bonus, Christmas bonus, holidays and incentives, as well asan increase between 15% and 23% in the payment of dietary in favor of the workers, the improvement in training plans and development of the personnel , as well as educational programs of the children of the employees.<\/span><\/span><\/p>\n<p lang=\"es-DO\" align=\"JUSTIFY\"><span style=\"color: #000000;\"><span style=\"font-size: medium;\">In this new collective agreement programs were strengthen in the prevention of accidents and professional diseases, and increases between more than one 30% of social programs in favor of the workers relating to a death in the family, as well as a 25% and a 66% in those wage advances in cases of marriage and births of children.<\/span><\/span><\/p>\n<p lang=\"es-DO\" align=\"JUSTIFY\"><span style=\"color: #000000;\"><span style=\"font-size: medium;\">It maintains heatlh services and transportation for those employees.<\/span><\/span><\/p>\n<p lang=\"es-DO\" align=\"JUSTIFY\"><span style=\"color: #000000;\"><span style=\"font-size: medium;\">The agreement was signed by Mr. Eladio Uribe, General Director of Human Resources of Central Romana, and by the Mrs. Eunice Magra, Secretary General of the United Trade Union of Workers (Sindicato Unido de Trabajadores). Also took part by Union Members Adriano Lach\u00e9 Bel\u00e9n, Victor Alexander Mart\u00ednez, Benito Luis, Miguel Das, Delecto Joseph, and Prospero Juan.<\/span><\/span><\/p>\n<p lang=\"es-DO\" align=\"JUSTIFY\"><span style=\"color: #000000;\"><span style=\"font-size: medium;\">This instrument of labor conditions, between Central Romana and the Sindicato Unido, an institution that is composed of more than 16,000 workers, ratified its commitment to maintain the climate of mutual respect and harmony.<\/span><\/span><\/p>\n<p lang=\"es-DO\" align=\"JUSTIFY\"><span style=\"color: #000000;\"><span style=\"font-size: medium;\">Eunice Magra, Secretary General of the Union, stressed out the good relations during the process of discussion that led to the signature of the Pact and the benefits that this represents for thousands of workers of the company.<\/span><\/span><\/p>\n","protected":false},"excerpt":{"rendered":"Central Romana Corporation and its Workers Union signed a new collective agreement on labor conditions which includes an 18% wage increase over a period of three years that foresees a first general increase of 7% retroactive to August 16th of this year. The new agreement will be effective until the year 2019 and carries similar&#8230; <a class=\"view-article\" href=\"https:\/\/centralromana.com.do\/en\/cr-signed-new-collective-agreement-with-workers-union\/\">View Article<\/a>","protected":false},"author":5,"featured_media":793,"comment_status":"open","ping_status":"open","sticky":false,"template":"","format":"standard","meta":{"_acf_changed":false,"ngg_post_thumbnail":0,"footnotes":""},"categories":[6],"tags":[],"class_list":["post-794","post","type-post","status-publish","format-standard","has-post-thumbnail","hentry","category-corporate-information"],"acf":[],"yoast_head":"<!-- This site is optimized with the Yoast SEO plugin v25.9 - https:\/\/yoast.com\/wordpress\/plugins\/seo\/ -->\n<title>CR signed new Collective Agreement with Workers Union - Central Romana<\/title>\n<meta name=\"robots\" content=\"index, follow, max-snippet:-1, max-image-preview:large, max-video-preview:-1\" \/>\n<link rel=\"canonical\" href=\"https:\/\/centralromana.com.do\/cr-firma-nuevo-pacto-colectivo-con-sindicato-de-trabajadores\/\" \/>\n<meta property=\"og:locale\" content=\"en_US\" \/>\n<meta property=\"og:type\" content=\"article\" \/>\n<meta property=\"og:title\" content=\"CR signed new Collective Agreement with Workers Union - Central Romana\" \/>\n<meta property=\"og:description\" content=\"Central Romana Corporation and its Workers Union signed a new collective agreement on labor conditions which includes an 18% wage increase over a period of three years that foresees a first general increase of 7% retroactive to August 16th of this year. The new agreement will be effective until the year 2019 and carries similar... View Article\" \/>\n<meta property=\"og:url\" content=\"https:\/\/centralromana.com.do\/cr-firma-nuevo-pacto-colectivo-con-sindicato-de-trabajadores\/\" \/>\n<meta property=\"og:site_name\" content=\"Central Romana\" \/>\n<meta property=\"article:published_time\" content=\"2016-10-11T13:51:31+00:00\" \/>\n<meta property=\"og:image\" content=\"https:\/\/centralromana.com.do\/wp-content\/uploads\/2016\/10\/Al-centro-Eunice-Magra-y-Eladio-Uribe-al-momento-de-firmar-el-Pacto-Colectivo-entre-Central-Romana-y-el-Sindicato-Unido-de-Trabajadores.jpg\" \/>\n\t<meta property=\"og:image:width\" content=\"1632\" \/>\n\t<meta property=\"og:image:height\" content=\"1224\" \/>\n\t<meta property=\"og:image:type\" content=\"image\/jpeg\" \/>\n<meta name=\"author\" content=\"Recursos Humanos\" \/>\n<meta name=\"twitter:card\" content=\"summary_large_image\" \/>\n<meta name=\"twitter:label1\" content=\"Written by\" \/>\n\t<meta name=\"twitter:data1\" content=\"Recursos Humanos\" \/>\n\t<meta name=\"twitter:label2\" content=\"Est. reading time\" \/>\n\t<meta name=\"twitter:data2\" content=\"1 minute\" \/>\n<script type=\"application\/ld+json\" class=\"yoast-schema-graph\">{\"@context\":\"https:\/\/schema.org\",\"@graph\":[{\"@type\":\"Article\",\"@id\":\"https:\/\/centralromana.com.do\/cr-firma-nuevo-pacto-colectivo-con-sindicato-de-trabajadores\/#article\",\"isPartOf\":{\"@id\":\"https:\/\/centralromana.com.do\/cr-firma-nuevo-pacto-colectivo-con-sindicato-de-trabajadores\/\"},\"author\":{\"name\":\"Recursos Humanos\",\"@id\":\"https:\/\/centralromana.com.do\/?lang=en\/#\/schema\/person\/072eaa5dfe8aa20e716555cd77a038cd\"},\"headline\":\"CR signed new Collective Agreement with Workers Union\",\"datePublished\":\"2016-10-11T13:51:31+00:00\",\"mainEntityOfPage\":{\"@id\":\"https:\/\/centralromana.com.do\/cr-firma-nuevo-pacto-colectivo-con-sindicato-de-trabajadores\/\"},\"wordCount\":304,\"commentCount\":0,\"publisher\":{\"@id\":\"https:\/\/centralromana.com.do\/?lang=en\/#organization\"},\"image\":{\"@id\":\"https:\/\/centralromana.com.do\/cr-firma-nuevo-pacto-colectivo-con-sindicato-de-trabajadores\/#primaryimage\"},\"thumbnailUrl\":\"https:\/\/centralromana.com.do\/wp-content\/uploads\/2016\/10\/Al-centro-Eunice-Magra-y-Eladio-Uribe-al-momento-de-firmar-el-Pacto-Colectivo-entre-Central-Romana-y-el-Sindicato-Unido-de-Trabajadores.jpg\",\"articleSection\":[\"Corporate Information\"],\"inLanguage\":\"en-US\",\"potentialAction\":[{\"@type\":\"CommentAction\",\"name\":\"Comment\",\"target\":[\"https:\/\/centralromana.com.do\/cr-firma-nuevo-pacto-colectivo-con-sindicato-de-trabajadores\/#respond\"]}]},{\"@type\":\"WebPage\",\"@id\":\"https:\/\/centralromana.com.do\/cr-firma-nuevo-pacto-colectivo-con-sindicato-de-trabajadores\/\",\"url\":\"https:\/\/centralromana.com.do\/cr-firma-nuevo-pacto-colectivo-con-sindicato-de-trabajadores\/\",\"name\":\"CR signed new Collective Agreement with Workers Union - Central Romana\",\"isPartOf\":{\"@id\":\"https:\/\/centralromana.com.do\/?lang=en\/#website\"},\"primaryImageOfPage\":{\"@id\":\"https:\/\/centralromana.com.do\/cr-firma-nuevo-pacto-colectivo-con-sindicato-de-trabajadores\/#primaryimage\"},\"image\":{\"@id\":\"https:\/\/centralromana.com.do\/cr-firma-nuevo-pacto-colectivo-con-sindicato-de-trabajadores\/#primaryimage\"},\"thumbnailUrl\":\"https:\/\/centralromana.com.do\/wp-content\/uploads\/2016\/10\/Al-centro-Eunice-Magra-y-Eladio-Uribe-al-momento-de-firmar-el-Pacto-Colectivo-entre-Central-Romana-y-el-Sindicato-Unido-de-Trabajadores.jpg\",\"datePublished\":\"2016-10-11T13:51:31+00:00\",\"breadcrumb\":{\"@id\":\"https:\/\/centralromana.com.do\/cr-firma-nuevo-pacto-colectivo-con-sindicato-de-trabajadores\/#breadcrumb\"},\"inLanguage\":\"en-US\",\"potentialAction\":[{\"@type\":\"ReadAction\",\"target\":[\"https:\/\/centralromana.com.do\/cr-firma-nuevo-pacto-colectivo-con-sindicato-de-trabajadores\/\"]}]},{\"@type\":\"ImageObject\",\"inLanguage\":\"en-US\",\"@id\":\"https:\/\/centralromana.com.do\/cr-firma-nuevo-pacto-colectivo-con-sindicato-de-trabajadores\/#primaryimage\",\"url\":\"https:\/\/centralromana.com.do\/wp-content\/uploads\/2016\/10\/Al-centro-Eunice-Magra-y-Eladio-Uribe-al-momento-de-firmar-el-Pacto-Colectivo-entre-Central-Romana-y-el-Sindicato-Unido-de-Trabajadores.jpg\",\"contentUrl\":\"https:\/\/centralromana.com.do\/wp-content\/uploads\/2016\/10\/Al-centro-Eunice-Magra-y-Eladio-Uribe-al-momento-de-firmar-el-Pacto-Colectivo-entre-Central-Romana-y-el-Sindicato-Unido-de-Trabajadores.jpg\",\"width\":1632,\"height\":1224},{\"@type\":\"BreadcrumbList\",\"@id\":\"https:\/\/centralromana.com.do\/cr-firma-nuevo-pacto-colectivo-con-sindicato-de-trabajadores\/#breadcrumb\",\"itemListElement\":[{\"@type\":\"ListItem\",\"position\":1,\"name\":\"Portada\",\"item\":\"https:\/\/centralromana.com.do\/en\/\"},{\"@type\":\"ListItem\",\"position\":2,\"name\":\"CR signed new Collective Agreement with Workers Union\"}]},{\"@type\":\"WebSite\",\"@id\":\"https:\/\/centralromana.com.do\/?lang=en\/#website\",\"url\":\"https:\/\/centralromana.com.do\/?lang=en\/\",\"name\":\"Central Romana\",\"description\":\"Central Romana: A century of Dominican excellence in sugar innovation, tourism, and diversified sectors, fostering social impact\",\"publisher\":{\"@id\":\"https:\/\/centralromana.com.do\/?lang=en\/#organization\"},\"potentialAction\":[{\"@type\":\"SearchAction\",\"target\":{\"@type\":\"EntryPoint\",\"urlTemplate\":\"https:\/\/centralromana.com.do\/?lang=en\/?s={search_term_string}\"},\"query-input\":{\"@type\":\"PropertyValueSpecification\",\"valueRequired\":true,\"valueName\":\"search_term_string\"}}],\"inLanguage\":\"en-US\"},{\"@type\":\"Organization\",\"@id\":\"https:\/\/centralromana.com.do\/?lang=en\/#organization\",\"name\":\"Central Romana Corporation\",\"alternateName\":\"Central Romana\",\"url\":\"https:\/\/centralromana.com.do\/?lang=en\/\",\"logo\":{\"@type\":\"ImageObject\",\"inLanguage\":\"en-US\",\"@id\":\"https:\/\/centralromana.com.do\/?lang=en\/#\/schema\/logo\/image\/\",\"url\":\"https:\/\/centralromana.com.do\/wp-content\/uploads\/2024\/09\/central-romana-favicon.jpg\",\"contentUrl\":\"https:\/\/centralromana.com.do\/wp-content\/uploads\/2024\/09\/central-romana-favicon.jpg\",\"width\":144,\"height\":144,\"caption\":\"Central Romana Corporation\"},\"image\":{\"@id\":\"https:\/\/centralromana.com.do\/?lang=en\/#\/schema\/logo\/image\/\"}},{\"@type\":\"Person\",\"@id\":\"https:\/\/centralromana.com.do\/?lang=en\/#\/schema\/person\/072eaa5dfe8aa20e716555cd77a038cd\",\"name\":\"Recursos Humanos\",\"image\":{\"@type\":\"ImageObject\",\"inLanguage\":\"en-US\",\"@id\":\"https:\/\/centralromana.com.do\/?lang=en\/#\/schema\/person\/image\/\",\"url\":\"https:\/\/secure.gravatar.com\/avatar\/ba1e8f8c524bf056ed34f0e6126788e00f2a796f78c764ff23d905335935f13d?s=96&d=mm&r=g\",\"contentUrl\":\"https:\/\/secure.gravatar.com\/avatar\/ba1e8f8c524bf056ed34f0e6126788e00f2a796f78c764ff23d905335935f13d?s=96&d=mm&r=g\",\"caption\":\"Recursos Humanos\"},\"url\":\"https:\/\/centralromana.com.do\/en\/author\/rrhh\/\"}]}<\/script>\n<!-- \/ Yoast SEO plugin. -->","yoast_head_json":{"title":"CR signed new Collective Agreement with Workers Union - Central Romana","robots":{"index":"index","follow":"follow","max-snippet":"max-snippet:-1","max-image-preview":"max-image-preview:large","max-video-preview":"max-video-preview:-1"},"canonical":"https:\/\/centralromana.com.do\/cr-firma-nuevo-pacto-colectivo-con-sindicato-de-trabajadores\/","og_locale":"en_US","og_type":"article","og_title":"CR signed new Collective Agreement with Workers Union - Central Romana","og_description":"Central Romana Corporation and its Workers Union signed a new collective agreement on labor conditions which includes an 18% wage increase over a period of three years that foresees a first general increase of 7% retroactive to August 16th of this year. The new agreement will be effective until the year 2019 and carries similar... View Article","og_url":"https:\/\/centralromana.com.do\/cr-firma-nuevo-pacto-colectivo-con-sindicato-de-trabajadores\/","og_site_name":"Central Romana","article_published_time":"2016-10-11T13:51:31+00:00","og_image":[{"width":1632,"height":1224,"url":"https:\/\/centralromana.com.do\/wp-content\/uploads\/2016\/10\/Al-centro-Eunice-Magra-y-Eladio-Uribe-al-momento-de-firmar-el-Pacto-Colectivo-entre-Central-Romana-y-el-Sindicato-Unido-de-Trabajadores.jpg","type":"image\/jpeg"}],"author":"Recursos Humanos","twitter_card":"summary_large_image","twitter_misc":{"Written by":"Recursos Humanos","Est. reading time":"1 minute"},"schema":{"@context":"https:\/\/schema.org","@graph":[{"@type":"Article","@id":"https:\/\/centralromana.com.do\/cr-firma-nuevo-pacto-colectivo-con-sindicato-de-trabajadores\/#article","isPartOf":{"@id":"https:\/\/centralromana.com.do\/cr-firma-nuevo-pacto-colectivo-con-sindicato-de-trabajadores\/"},"author":{"name":"Recursos Humanos","@id":"https:\/\/centralromana.com.do\/?lang=en\/#\/schema\/person\/072eaa5dfe8aa20e716555cd77a038cd"},"headline":"CR signed new Collective Agreement with Workers Union","datePublished":"2016-10-11T13:51:31+00:00","mainEntityOfPage":{"@id":"https:\/\/centralromana.com.do\/cr-firma-nuevo-pacto-colectivo-con-sindicato-de-trabajadores\/"},"wordCount":304,"commentCount":0,"publisher":{"@id":"https:\/\/centralromana.com.do\/?lang=en\/#organization"},"image":{"@id":"https:\/\/centralromana.com.do\/cr-firma-nuevo-pacto-colectivo-con-sindicato-de-trabajadores\/#primaryimage"},"thumbnailUrl":"https:\/\/centralromana.com.do\/wp-content\/uploads\/2016\/10\/Al-centro-Eunice-Magra-y-Eladio-Uribe-al-momento-de-firmar-el-Pacto-Colectivo-entre-Central-Romana-y-el-Sindicato-Unido-de-Trabajadores.jpg","articleSection":["Corporate Information"],"inLanguage":"en-US","potentialAction":[{"@type":"CommentAction","name":"Comment","target":["https:\/\/centralromana.com.do\/cr-firma-nuevo-pacto-colectivo-con-sindicato-de-trabajadores\/#respond"]}]},{"@type":"WebPage","@id":"https:\/\/centralromana.com.do\/cr-firma-nuevo-pacto-colectivo-con-sindicato-de-trabajadores\/","url":"https:\/\/centralromana.com.do\/cr-firma-nuevo-pacto-colectivo-con-sindicato-de-trabajadores\/","name":"CR signed new Collective Agreement with Workers Union - Central Romana","isPartOf":{"@id":"https:\/\/centralromana.com.do\/?lang=en\/#website"},"primaryImageOfPage":{"@id":"https:\/\/centralromana.com.do\/cr-firma-nuevo-pacto-colectivo-con-sindicato-de-trabajadores\/#primaryimage"},"image":{"@id":"https:\/\/centralromana.com.do\/cr-firma-nuevo-pacto-colectivo-con-sindicato-de-trabajadores\/#primaryimage"},"thumbnailUrl":"https:\/\/centralromana.com.do\/wp-content\/uploads\/2016\/10\/Al-centro-Eunice-Magra-y-Eladio-Uribe-al-momento-de-firmar-el-Pacto-Colectivo-entre-Central-Romana-y-el-Sindicato-Unido-de-Trabajadores.jpg","datePublished":"2016-10-11T13:51:31+00:00","breadcrumb":{"@id":"https:\/\/centralromana.com.do\/cr-firma-nuevo-pacto-colectivo-con-sindicato-de-trabajadores\/#breadcrumb"},"inLanguage":"en-US","potentialAction":[{"@type":"ReadAction","target":["https:\/\/centralromana.com.do\/cr-firma-nuevo-pacto-colectivo-con-sindicato-de-trabajadores\/"]}]},{"@type":"ImageObject","inLanguage":"en-US","@id":"https:\/\/centralromana.com.do\/cr-firma-nuevo-pacto-colectivo-con-sindicato-de-trabajadores\/#primaryimage","url":"https:\/\/centralromana.com.do\/wp-content\/uploads\/2016\/10\/Al-centro-Eunice-Magra-y-Eladio-Uribe-al-momento-de-firmar-el-Pacto-Colectivo-entre-Central-Romana-y-el-Sindicato-Unido-de-Trabajadores.jpg","contentUrl":"https:\/\/centralromana.com.do\/wp-content\/uploads\/2016\/10\/Al-centro-Eunice-Magra-y-Eladio-Uribe-al-momento-de-firmar-el-Pacto-Colectivo-entre-Central-Romana-y-el-Sindicato-Unido-de-Trabajadores.jpg","width":1632,"height":1224},{"@type":"BreadcrumbList","@id":"https:\/\/centralromana.com.do\/cr-firma-nuevo-pacto-colectivo-con-sindicato-de-trabajadores\/#breadcrumb","itemListElement":[{"@type":"ListItem","position":1,"name":"Portada","item":"https:\/\/centralromana.com.do\/en\/"},{"@type":"ListItem","position":2,"name":"CR signed new Collective Agreement with Workers Union"}]},{"@type":"WebSite","@id":"https:\/\/centralromana.com.do\/?lang=en\/#website","url":"https:\/\/centralromana.com.do\/?lang=en\/","name":"Central Romana","description":"Central Romana: A century of Dominican excellence in sugar innovation, tourism, and diversified sectors, fostering social impact","publisher":{"@id":"https:\/\/centralromana.com.do\/?lang=en\/#organization"},"potentialAction":[{"@type":"SearchAction","target":{"@type":"EntryPoint","urlTemplate":"https:\/\/centralromana.com.do\/?lang=en\/?s={search_term_string}"},"query-input":{"@type":"PropertyValueSpecification","valueRequired":true,"valueName":"search_term_string"}}],"inLanguage":"en-US"},{"@type":"Organization","@id":"https:\/\/centralromana.com.do\/?lang=en\/#organization","name":"Central Romana Corporation","alternateName":"Central Romana","url":"https:\/\/centralromana.com.do\/?lang=en\/","logo":{"@type":"ImageObject","inLanguage":"en-US","@id":"https:\/\/centralromana.com.do\/?lang=en\/#\/schema\/logo\/image\/","url":"https:\/\/centralromana.com.do\/wp-content\/uploads\/2024\/09\/central-romana-favicon.jpg","contentUrl":"https:\/\/centralromana.com.do\/wp-content\/uploads\/2024\/09\/central-romana-favicon.jpg","width":144,"height":144,"caption":"Central Romana Corporation"},"image":{"@id":"https:\/\/centralromana.com.do\/?lang=en\/#\/schema\/logo\/image\/"}},{"@type":"Person","@id":"https:\/\/centralromana.com.do\/?lang=en\/#\/schema\/person\/072eaa5dfe8aa20e716555cd77a038cd","name":"Recursos Humanos","image":{"@type":"ImageObject","inLanguage":"en-US","@id":"https:\/\/centralromana.com.do\/?lang=en\/#\/schema\/person\/image\/","url":"https:\/\/secure.gravatar.com\/avatar\/ba1e8f8c524bf056ed34f0e6126788e00f2a796f78c764ff23d905335935f13d?s=96&d=mm&r=g","contentUrl":"https:\/\/secure.gravatar.com\/avatar\/ba1e8f8c524bf056ed34f0e6126788e00f2a796f78c764ff23d905335935f13d?s=96&d=mm&r=g","caption":"Recursos Humanos"},"url":"https:\/\/centralromana.com.do\/en\/author\/rrhh\/"}]}},"_links":{"self":[{"href":"https:\/\/centralromana.com.do\/en\/wp-json\/wp\/v2\/posts\/794","targetHints":{"allow":["GET"]}}],"collection":[{"href":"https:\/\/centralromana.com.do\/en\/wp-json\/wp\/v2\/posts"}],"about":[{"href":"https:\/\/centralromana.com.do\/en\/wp-json\/wp\/v2\/types\/post"}],"author":[{"embeddable":true,"href":"https:\/\/centralromana.com.do\/en\/wp-json\/wp\/v2\/users\/5"}],"replies":[{"embeddable":true,"href":"https:\/\/centralromana.com.do\/en\/wp-json\/wp\/v2\/comments?post=794"}],"version-history":[{"count":0,"href":"https:\/\/centralromana.com.do\/en\/wp-json\/wp\/v2\/posts\/794\/revisions"}],"wp:featuredmedia":[{"embeddable":true,"href":"https:\/\/centralromana.com.do\/en\/wp-json\/wp\/v2\/media\/793"}],"wp:attachment":[{"href":"https:\/\/centralromana.com.do\/en\/wp-json\/wp\/v2\/media?parent=794"}],"wp:term":[{"taxonomy":"category","embeddable":true,"href":"https:\/\/centralromana.com.do\/en\/wp-json\/wp\/v2\/categories?post=794"},{"taxonomy":"post_tag","embeddable":true,"href":"https:\/\/centralromana.com.do\/en\/wp-json\/wp\/v2\/tags?post=794"}],"curies":[{"name":"wp","href":"https:\/\/api.w.org\/{rel}","templated":true}]}}