{"id":2685,"date":"2025-11-05T12:56:17","date_gmt":"2025-11-05T12:56:17","guid":{"rendered":"https:\/\/centralromana.com.do\/?p=2685"},"modified":"2025-11-05T12:56:35","modified_gmt":"2025-11-05T12:56:35","slug":"modern-police-station-inaugurated-on-land-donated-by-central-romana-in-el-seibo","status":"publish","type":"post","link":"https:\/\/centralromana.com.do\/en\/modern-police-station-inaugurated-on-land-donated-by-central-romana-in-el-seibo\/","title":{"rendered":"MODERN POLICE STATION INAUGURATED ON LAND DONATED BY CENTRAL ROMANA IN EL SEIBO"},"content":{"rendered":"<p>El Seibo. \u2013 At Central Romana we recently celebrated the inauguration of a new police station in El Seibo, built on a 3,000 m\u00b2 lot donated by our company, which will facilitate the mission of protecting and serving public safety in this community.<\/p>\n<p style=\"padding-left: 320px;\"><a href=\"https:\/\/centralromana.com.do\/wp-content\/uploads\/2025\/10\/2.jpg\"><img decoding=\"async\" class=\"aligncenter wp-image-2646 lazyload\" data-src=\"https:\/\/centralromana.com.do\/wp-content\/uploads\/2025\/10\/2-700x467.jpg\" data-sizes=\"(max-width: 478px) 100vw, 478px\" data-srcset=\"https:\/\/centralromana.com.do\/wp-content\/uploads\/2025\/10\/2-700x467.jpg 700w, https:\/\/centralromana.com.do\/wp-content\/uploads\/2025\/10\/2-250x167.jpg 250w, https:\/\/centralromana.com.do\/wp-content\/uploads\/2025\/10\/2-768x512.jpg 768w, https:\/\/centralromana.com.do\/wp-content\/uploads\/2025\/10\/2-1536x1024.jpg 1536w, https:\/\/centralromana.com.do\/wp-content\/uploads\/2025\/10\/2-120x80.jpg 120w, https:\/\/centralromana.com.do\/wp-content\/uploads\/2025\/10\/2.jpg 2048w\" alt=\"\" width=\"478\" height=\"319\" src=\"data:image\/svg+xml;base64,PHN2ZyB3aWR0aD0iMSIgaGVpZ2h0PSIxIiB4bWxucz0iaHR0cDovL3d3dy53My5vcmcvMjAwMC9zdmciPjwvc3ZnPg==\" style=\"--smush-placeholder-width: 478px; --smush-placeholder-aspect-ratio: 478\/319;\" \/><\/a><\/p>\n<p>This structure, constructed under the mandate of the Presidential Commission for Provincial Development, includes adequate spaces for public service and reception of complaints, meeting rooms for operational coordination, as well as separate dormitories for male and female police officers, restrooms and showers, a kitchen, and administrative areas.<\/p>\n<p><a href=\"https:\/\/centralromana.com.do\/wp-content\/uploads\/2025\/10\/4.jpg\"><img decoding=\"async\" class=\"wp-image-2650 alignnone lazyload\" data-src=\"https:\/\/centralromana.com.do\/wp-content\/uploads\/2025\/10\/4-700x467.jpg\" data-sizes=\"(max-width: 367px) 100vw, 367px\" data-srcset=\"https:\/\/centralromana.com.do\/wp-content\/uploads\/2025\/10\/4-700x467.jpg 700w, https:\/\/centralromana.com.do\/wp-content\/uploads\/2025\/10\/4-250x167.jpg 250w, https:\/\/centralromana.com.do\/wp-content\/uploads\/2025\/10\/4-768x512.jpg 768w, https:\/\/centralromana.com.do\/wp-content\/uploads\/2025\/10\/4-1536x1024.jpg 1536w, https:\/\/centralromana.com.do\/wp-content\/uploads\/2025\/10\/4-120x80.jpg 120w, https:\/\/centralromana.com.do\/wp-content\/uploads\/2025\/10\/4.jpg 2048w\" alt=\"\" width=\"367\" height=\"245\" src=\"data:image\/svg+xml;base64,PHN2ZyB3aWR0aD0iMSIgaGVpZ2h0PSIxIiB4bWxucz0iaHR0cDovL3d3dy53My5vcmcvMjAwMC9zdmciPjwvc3ZnPg==\" style=\"--smush-placeholder-width: 367px; --smush-placeholder-aspect-ratio: 367\/245;\" \/> <\/a><a href=\"https:\/\/centralromana.com.do\/wp-content\/uploads\/2025\/10\/5.jpg\"> <img decoding=\"async\" class=\"wp-image-2652 alignnone lazyload\" data-src=\"https:\/\/centralromana.com.do\/wp-content\/uploads\/2025\/10\/5-700x467.jpg\" data-sizes=\"(max-width: 365px) 100vw, 365px\" data-srcset=\"https:\/\/centralromana.com.do\/wp-content\/uploads\/2025\/10\/5-700x467.jpg 700w, https:\/\/centralromana.com.do\/wp-content\/uploads\/2025\/10\/5-250x167.jpg 250w, https:\/\/centralromana.com.do\/wp-content\/uploads\/2025\/10\/5-768x512.jpg 768w, https:\/\/centralromana.com.do\/wp-content\/uploads\/2025\/10\/5-1536x1024.jpg 1536w, https:\/\/centralromana.com.do\/wp-content\/uploads\/2025\/10\/5-120x80.jpg 120w, https:\/\/centralromana.com.do\/wp-content\/uploads\/2025\/10\/5.jpg 2048w\" alt=\"\" width=\"365\" height=\"244\" src=\"data:image\/svg+xml;base64,PHN2ZyB3aWR0aD0iMSIgaGVpZ2h0PSIxIiB4bWxucz0iaHR0cDovL3d3dy53My5vcmcvMjAwMC9zdmciPjwvc3ZnPg==\" style=\"--smush-placeholder-width: 365px; --smush-placeholder-aspect-ratio: 365\/244;\" \/><\/a><a href=\"https:\/\/centralromana.com.do\/wp-content\/uploads\/2025\/10\/6.jpg\"> <img decoding=\"async\" class=\"wp-image-2654 alignnone lazyload\" data-src=\"https:\/\/centralromana.com.do\/wp-content\/uploads\/2025\/10\/6-700x467.jpg\" data-sizes=\"(max-width: 365px) 100vw, 365px\" data-srcset=\"https:\/\/centralromana.com.do\/wp-content\/uploads\/2025\/10\/6-700x467.jpg 700w, https:\/\/centralromana.com.do\/wp-content\/uploads\/2025\/10\/6-250x167.jpg 250w, https:\/\/centralromana.com.do\/wp-content\/uploads\/2025\/10\/6-768x512.jpg 768w, https:\/\/centralromana.com.do\/wp-content\/uploads\/2025\/10\/6-1536x1024.jpg 1536w, https:\/\/centralromana.com.do\/wp-content\/uploads\/2025\/10\/6-120x80.jpg 120w, https:\/\/centralromana.com.do\/wp-content\/uploads\/2025\/10\/6.jpg 2048w\" alt=\"\" width=\"365\" height=\"243\" src=\"data:image\/svg+xml;base64,PHN2ZyB3aWR0aD0iMSIgaGVpZ2h0PSIxIiB4bWxucz0iaHR0cDovL3d3dy53My5vcmcvMjAwMC9zdmciPjwvc3ZnPg==\" style=\"--smush-placeholder-width: 365px; --smush-placeholder-aspect-ratio: 365\/243;\" \/><\/a><\/p>\n<p>The ceremony was led by Major General Ram\u00f3n Antonio Guzm\u00e1n Peralta, General Director of the National Police; \u00c1ngel de la Cruz, President of the Presidential Commission for Provincial Development; and Leo Matos, Executive Vice President of Central Romana.<\/p>\n<p style=\"padding-left: 400px;\"><a href=\"https:\/\/centralromana.com.do\/wp-content\/uploads\/2025\/10\/3.jpg\"><img decoding=\"async\" class=\"aligncenter wp-image-2648 lazyload\" data-src=\"https:\/\/centralromana.com.do\/wp-content\/uploads\/2025\/10\/3-700x467.jpg\" data-sizes=\"(max-width: 405px) 100vw, 405px\" data-srcset=\"https:\/\/centralromana.com.do\/wp-content\/uploads\/2025\/10\/3-700x467.jpg 700w, https:\/\/centralromana.com.do\/wp-content\/uploads\/2025\/10\/3-250x167.jpg 250w, https:\/\/centralromana.com.do\/wp-content\/uploads\/2025\/10\/3-768x512.jpg 768w, https:\/\/centralromana.com.do\/wp-content\/uploads\/2025\/10\/3-1536x1024.jpg 1536w, https:\/\/centralromana.com.do\/wp-content\/uploads\/2025\/10\/3-120x80.jpg 120w, https:\/\/centralromana.com.do\/wp-content\/uploads\/2025\/10\/3.jpg 2048w\" alt=\"\" width=\"405\" height=\"270\" src=\"data:image\/svg+xml;base64,PHN2ZyB3aWR0aD0iMSIgaGVpZ2h0PSIxIiB4bWxucz0iaHR0cDovL3d3dy53My5vcmcvMjAwMC9zdmciPjwvc3ZnPg==\" style=\"--smush-placeholder-width: 405px; --smush-placeholder-aspect-ratio: 405\/270;\" \/><\/a><\/p>\n<p>Also in attendance were Municipal Mayor Leo Francis Zorrilla, Provincial Governor Magalis Tabar, and Senator Santiago Jos\u00e9 Zorrilla.<\/p>\n<p>\u201cWe thank Central Romana Corporation for donating the land on which this important facility was built, providing a dignified space for high quality police work in El Seibo,\u201d emphasized Major General Guzm\u00e1n Peralta.<\/p>\n<p>This initiative is part of the ongoing support that Central Romana has provided for decades to the development and well-being of the Eastern region of the country.<\/p>\n","protected":false},"excerpt":{"rendered":"El Seibo. \u2013 At Central Romana we recently celebrated the inauguration of a new police station in El Seibo, built on a 3,000 m\u00b2 lot donated by our company, which will facilitate the mission of protecting and serving public safety in this community. This structure, constructed under the mandate of the Presidential Commission for Provincial&#8230; <a class=\"view-article\" href=\"https:\/\/centralromana.com.do\/en\/modern-police-station-inaugurated-on-land-donated-by-central-romana-in-el-seibo\/\">View Article<\/a>","protected":false},"author":6,"featured_media":2645,"comment_status":"closed","ping_status":"closed","sticky":false,"template":"","format":"standard","meta":{"_acf_changed":false,"ngg_post_thumbnail":0,"footnotes":""},"categories":[6],"tags":[],"class_list":["post-2685","post","type-post","status-publish","format-standard","has-post-thumbnail","hentry","category-corporate-information"],"acf":[],"yoast_head":"<!-- This site is optimized with the Yoast SEO plugin v25.9 - https:\/\/yoast.com\/wordpress\/plugins\/seo\/ -->\n<title>MODERN POLICE STATION INAUGURATED ON LAND DONATED BY CENTRAL ROMANA IN EL SEIBO - Central Romana<\/title>\n<meta name=\"robots\" content=\"index, follow, max-snippet:-1, max-image-preview:large, max-video-preview:-1\" \/>\n<link rel=\"canonical\" href=\"https:\/\/centralromana.com.do\/en\/modern-police-station-inaugurated-on-land-donated-by-central-romana-in-el-seibo\/\" \/>\n<meta property=\"og:locale\" content=\"en_US\" \/>\n<meta property=\"og:type\" content=\"article\" \/>\n<meta property=\"og:title\" content=\"MODERN POLICE STATION INAUGURATED ON LAND DONATED BY CENTRAL ROMANA IN EL SEIBO - Central Romana\" \/>\n<meta property=\"og:description\" content=\"El Seibo. \u2013 At Central Romana we recently celebrated the inauguration of a new police station in El Seibo, built on a 3,000 m\u00b2 lot donated by our company, which will facilitate the mission of protecting and serving public safety in this community. This structure, constructed under the mandate of the Presidential Commission for Provincial... View Article\" \/>\n<meta property=\"og:url\" content=\"https:\/\/centralromana.com.do\/en\/modern-police-station-inaugurated-on-land-donated-by-central-romana-in-el-seibo\/\" \/>\n<meta property=\"og:site_name\" content=\"Central Romana\" \/>\n<meta property=\"article:published_time\" content=\"2025-11-05T12:56:17+00:00\" \/>\n<meta property=\"article:modified_time\" content=\"2025-11-05T12:56:35+00:00\" \/>\n<meta property=\"og:image\" content=\"https:\/\/centralromana.com.do\/wp-content\/uploads\/2025\/10\/1-e1762347352917.jpg\" \/>\n\t<meta property=\"og:image:width\" content=\"2040\" \/>\n\t<meta property=\"og:image:height\" content=\"754\" \/>\n\t<meta property=\"og:image:type\" content=\"image\/jpeg\" \/>\n<meta name=\"author\" content=\"Relaciones P\u00fablicas\" \/>\n<meta name=\"twitter:card\" content=\"summary_large_image\" \/>\n<meta name=\"twitter:label1\" content=\"Written by\" \/>\n\t<meta name=\"twitter:data1\" content=\"Relaciones P\u00fablicas\" \/>\n\t<meta name=\"twitter:label2\" content=\"Est. reading time\" \/>\n\t<meta name=\"twitter:data2\" content=\"3 minutes\" \/>\n<script type=\"application\/ld+json\" class=\"yoast-schema-graph\">{\"@context\":\"https:\/\/schema.org\",\"@graph\":[{\"@type\":\"Article\",\"@id\":\"https:\/\/centralromana.com.do\/en\/modern-police-station-inaugurated-on-land-donated-by-central-romana-in-el-seibo\/#article\",\"isPartOf\":{\"@id\":\"https:\/\/centralromana.com.do\/en\/modern-police-station-inaugurated-on-land-donated-by-central-romana-in-el-seibo\/\"},\"author\":{\"name\":\"Relaciones P\u00fablicas\",\"@id\":\"https:\/\/centralromana.com.do\/?lang=en\/#\/schema\/person\/865e7be7a5e838a950ec8b29653ea754\"},\"headline\":\"MODERN POLICE STATION INAUGURATED ON LAND DONATED BY CENTRAL ROMANA IN EL SEIBO\",\"datePublished\":\"2025-11-05T12:56:17+00:00\",\"dateModified\":\"2025-11-05T12:56:35+00:00\",\"mainEntityOfPage\":{\"@id\":\"https:\/\/centralromana.com.do\/en\/modern-police-station-inaugurated-on-land-donated-by-central-romana-in-el-seibo\/\"},\"wordCount\":220,\"publisher\":{\"@id\":\"https:\/\/centralromana.com.do\/?lang=en\/#organization\"},\"image\":{\"@id\":\"https:\/\/centralromana.com.do\/en\/modern-police-station-inaugurated-on-land-donated-by-central-romana-in-el-seibo\/#primaryimage\"},\"thumbnailUrl\":\"https:\/\/centralromana.com.do\/wp-content\/uploads\/2025\/10\/1-e1762347352917.jpg\",\"articleSection\":[\"Corporate Information\"],\"inLanguage\":\"en-US\"},{\"@type\":\"WebPage\",\"@id\":\"https:\/\/centralromana.com.do\/en\/modern-police-station-inaugurated-on-land-donated-by-central-romana-in-el-seibo\/\",\"url\":\"https:\/\/centralromana.com.do\/en\/modern-police-station-inaugurated-on-land-donated-by-central-romana-in-el-seibo\/\",\"name\":\"MODERN POLICE STATION INAUGURATED ON LAND DONATED BY CENTRAL ROMANA IN EL SEIBO - Central Romana\",\"isPartOf\":{\"@id\":\"https:\/\/centralromana.com.do\/?lang=en\/#website\"},\"primaryImageOfPage\":{\"@id\":\"https:\/\/centralromana.com.do\/en\/modern-police-station-inaugurated-on-land-donated-by-central-romana-in-el-seibo\/#primaryimage\"},\"image\":{\"@id\":\"https:\/\/centralromana.com.do\/en\/modern-police-station-inaugurated-on-land-donated-by-central-romana-in-el-seibo\/#primaryimage\"},\"thumbnailUrl\":\"https:\/\/centralromana.com.do\/wp-content\/uploads\/2025\/10\/1-e1762347352917.jpg\",\"datePublished\":\"2025-11-05T12:56:17+00:00\",\"dateModified\":\"2025-11-05T12:56:35+00:00\",\"breadcrumb\":{\"@id\":\"https:\/\/centralromana.com.do\/en\/modern-police-station-inaugurated-on-land-donated-by-central-romana-in-el-seibo\/#breadcrumb\"},\"inLanguage\":\"en-US\",\"potentialAction\":[{\"@type\":\"ReadAction\",\"target\":[\"https:\/\/centralromana.com.do\/en\/modern-police-station-inaugurated-on-land-donated-by-central-romana-in-el-seibo\/\"]}]},{\"@type\":\"ImageObject\",\"inLanguage\":\"en-US\",\"@id\":\"https:\/\/centralromana.com.do\/en\/modern-police-station-inaugurated-on-land-donated-by-central-romana-in-el-seibo\/#primaryimage\",\"url\":\"https:\/\/centralromana.com.do\/wp-content\/uploads\/2025\/10\/1-e1762347352917.jpg\",\"contentUrl\":\"https:\/\/centralromana.com.do\/wp-content\/uploads\/2025\/10\/1-e1762347352917.jpg\",\"width\":2040,\"height\":754},{\"@type\":\"BreadcrumbList\",\"@id\":\"https:\/\/centralromana.com.do\/en\/modern-police-station-inaugurated-on-land-donated-by-central-romana-in-el-seibo\/#breadcrumb\",\"itemListElement\":[{\"@type\":\"ListItem\",\"position\":1,\"name\":\"Portada\",\"item\":\"https:\/\/centralromana.com.do\/en\/\"},{\"@type\":\"ListItem\",\"position\":2,\"name\":\"MODERN POLICE STATION INAUGURATED ON LAND DONATED BY CENTRAL ROMANA IN EL SEIBO\"}]},{\"@type\":\"WebSite\",\"@id\":\"https:\/\/centralromana.com.do\/?lang=en\/#website\",\"url\":\"https:\/\/centralromana.com.do\/?lang=en\/\",\"name\":\"Central Romana\",\"description\":\"Central Romana: A century of Dominican excellence in sugar innovation, tourism, and diversified sectors, fostering social impact\",\"publisher\":{\"@id\":\"https:\/\/centralromana.com.do\/?lang=en\/#organization\"},\"potentialAction\":[{\"@type\":\"SearchAction\",\"target\":{\"@type\":\"EntryPoint\",\"urlTemplate\":\"https:\/\/centralromana.com.do\/?lang=en\/?s={search_term_string}\"},\"query-input\":{\"@type\":\"PropertyValueSpecification\",\"valueRequired\":true,\"valueName\":\"search_term_string\"}}],\"inLanguage\":\"en-US\"},{\"@type\":\"Organization\",\"@id\":\"https:\/\/centralromana.com.do\/?lang=en\/#organization\",\"name\":\"Central Romana Corporation\",\"alternateName\":\"Central Romana\",\"url\":\"https:\/\/centralromana.com.do\/?lang=en\/\",\"logo\":{\"@type\":\"ImageObject\",\"inLanguage\":\"en-US\",\"@id\":\"https:\/\/centralromana.com.do\/?lang=en\/#\/schema\/logo\/image\/\",\"url\":\"https:\/\/centralromana.com.do\/wp-content\/uploads\/2024\/09\/central-romana-favicon.jpg\",\"contentUrl\":\"https:\/\/centralromana.com.do\/wp-content\/uploads\/2024\/09\/central-romana-favicon.jpg\",\"width\":144,\"height\":144,\"caption\":\"Central Romana Corporation\"},\"image\":{\"@id\":\"https:\/\/centralromana.com.do\/?lang=en\/#\/schema\/logo\/image\/\"}},{\"@type\":\"Person\",\"@id\":\"https:\/\/centralromana.com.do\/?lang=en\/#\/schema\/person\/865e7be7a5e838a950ec8b29653ea754\",\"name\":\"Relaciones P\u00fablicas\",\"image\":{\"@type\":\"ImageObject\",\"inLanguage\":\"en-US\",\"@id\":\"https:\/\/centralromana.com.do\/?lang=en\/#\/schema\/person\/image\/\",\"url\":\"https:\/\/secure.gravatar.com\/avatar\/7f31e463429d64ef6d9a0f27d0ae842f18467490a635d0e7702eb580d3de7fa4?s=96&d=mm&r=g\",\"contentUrl\":\"https:\/\/secure.gravatar.com\/avatar\/7f31e463429d64ef6d9a0f27d0ae842f18467490a635d0e7702eb580d3de7fa4?s=96&d=mm&r=g\",\"caption\":\"Relaciones P\u00fablicas\"},\"sameAs\":[\"http:\/\/rl@centralromana.com.do\"],\"url\":\"https:\/\/centralromana.com.do\/en\/author\/relacionespublicas\/\"}]}<\/script>\n<!-- \/ Yoast SEO plugin. -->","yoast_head_json":{"title":"MODERN POLICE STATION INAUGURATED ON LAND DONATED BY CENTRAL ROMANA IN EL SEIBO - Central Romana","robots":{"index":"index","follow":"follow","max-snippet":"max-snippet:-1","max-image-preview":"max-image-preview:large","max-video-preview":"max-video-preview:-1"},"canonical":"https:\/\/centralromana.com.do\/en\/modern-police-station-inaugurated-on-land-donated-by-central-romana-in-el-seibo\/","og_locale":"en_US","og_type":"article","og_title":"MODERN POLICE STATION INAUGURATED ON LAND DONATED BY CENTRAL ROMANA IN EL SEIBO - Central Romana","og_description":"El Seibo. \u2013 At Central Romana we recently celebrated the inauguration of a new police station in El Seibo, built on a 3,000 m\u00b2 lot donated by our company, which will facilitate the mission of protecting and serving public safety in this community. This structure, constructed under the mandate of the Presidential Commission for Provincial... View Article","og_url":"https:\/\/centralromana.com.do\/en\/modern-police-station-inaugurated-on-land-donated-by-central-romana-in-el-seibo\/","og_site_name":"Central Romana","article_published_time":"2025-11-05T12:56:17+00:00","article_modified_time":"2025-11-05T12:56:35+00:00","og_image":[{"width":2040,"height":754,"url":"https:\/\/centralromana.com.do\/wp-content\/uploads\/2025\/10\/1-e1762347352917.jpg","type":"image\/jpeg"}],"author":"Relaciones P\u00fablicas","twitter_card":"summary_large_image","twitter_misc":{"Written by":"Relaciones P\u00fablicas","Est. reading time":"3 minutes"},"schema":{"@context":"https:\/\/schema.org","@graph":[{"@type":"Article","@id":"https:\/\/centralromana.com.do\/en\/modern-police-station-inaugurated-on-land-donated-by-central-romana-in-el-seibo\/#article","isPartOf":{"@id":"https:\/\/centralromana.com.do\/en\/modern-police-station-inaugurated-on-land-donated-by-central-romana-in-el-seibo\/"},"author":{"name":"Relaciones P\u00fablicas","@id":"https:\/\/centralromana.com.do\/?lang=en\/#\/schema\/person\/865e7be7a5e838a950ec8b29653ea754"},"headline":"MODERN POLICE STATION INAUGURATED ON LAND DONATED BY CENTRAL ROMANA IN EL SEIBO","datePublished":"2025-11-05T12:56:17+00:00","dateModified":"2025-11-05T12:56:35+00:00","mainEntityOfPage":{"@id":"https:\/\/centralromana.com.do\/en\/modern-police-station-inaugurated-on-land-donated-by-central-romana-in-el-seibo\/"},"wordCount":220,"publisher":{"@id":"https:\/\/centralromana.com.do\/?lang=en\/#organization"},"image":{"@id":"https:\/\/centralromana.com.do\/en\/modern-police-station-inaugurated-on-land-donated-by-central-romana-in-el-seibo\/#primaryimage"},"thumbnailUrl":"https:\/\/centralromana.com.do\/wp-content\/uploads\/2025\/10\/1-e1762347352917.jpg","articleSection":["Corporate Information"],"inLanguage":"en-US"},{"@type":"WebPage","@id":"https:\/\/centralromana.com.do\/en\/modern-police-station-inaugurated-on-land-donated-by-central-romana-in-el-seibo\/","url":"https:\/\/centralromana.com.do\/en\/modern-police-station-inaugurated-on-land-donated-by-central-romana-in-el-seibo\/","name":"MODERN POLICE STATION INAUGURATED ON LAND DONATED BY CENTRAL ROMANA IN EL SEIBO - Central Romana","isPartOf":{"@id":"https:\/\/centralromana.com.do\/?lang=en\/#website"},"primaryImageOfPage":{"@id":"https:\/\/centralromana.com.do\/en\/modern-police-station-inaugurated-on-land-donated-by-central-romana-in-el-seibo\/#primaryimage"},"image":{"@id":"https:\/\/centralromana.com.do\/en\/modern-police-station-inaugurated-on-land-donated-by-central-romana-in-el-seibo\/#primaryimage"},"thumbnailUrl":"https:\/\/centralromana.com.do\/wp-content\/uploads\/2025\/10\/1-e1762347352917.jpg","datePublished":"2025-11-05T12:56:17+00:00","dateModified":"2025-11-05T12:56:35+00:00","breadcrumb":{"@id":"https:\/\/centralromana.com.do\/en\/modern-police-station-inaugurated-on-land-donated-by-central-romana-in-el-seibo\/#breadcrumb"},"inLanguage":"en-US","potentialAction":[{"@type":"ReadAction","target":["https:\/\/centralromana.com.do\/en\/modern-police-station-inaugurated-on-land-donated-by-central-romana-in-el-seibo\/"]}]},{"@type":"ImageObject","inLanguage":"en-US","@id":"https:\/\/centralromana.com.do\/en\/modern-police-station-inaugurated-on-land-donated-by-central-romana-in-el-seibo\/#primaryimage","url":"https:\/\/centralromana.com.do\/wp-content\/uploads\/2025\/10\/1-e1762347352917.jpg","contentUrl":"https:\/\/centralromana.com.do\/wp-content\/uploads\/2025\/10\/1-e1762347352917.jpg","width":2040,"height":754},{"@type":"BreadcrumbList","@id":"https:\/\/centralromana.com.do\/en\/modern-police-station-inaugurated-on-land-donated-by-central-romana-in-el-seibo\/#breadcrumb","itemListElement":[{"@type":"ListItem","position":1,"name":"Portada","item":"https:\/\/centralromana.com.do\/en\/"},{"@type":"ListItem","position":2,"name":"MODERN POLICE STATION INAUGURATED ON LAND DONATED BY CENTRAL ROMANA IN EL SEIBO"}]},{"@type":"WebSite","@id":"https:\/\/centralromana.com.do\/?lang=en\/#website","url":"https:\/\/centralromana.com.do\/?lang=en\/","name":"Central Romana","description":"Central Romana: A century of Dominican excellence in sugar innovation, tourism, and diversified sectors, fostering social impact","publisher":{"@id":"https:\/\/centralromana.com.do\/?lang=en\/#organization"},"potentialAction":[{"@type":"SearchAction","target":{"@type":"EntryPoint","urlTemplate":"https:\/\/centralromana.com.do\/?lang=en\/?s={search_term_string}"},"query-input":{"@type":"PropertyValueSpecification","valueRequired":true,"valueName":"search_term_string"}}],"inLanguage":"en-US"},{"@type":"Organization","@id":"https:\/\/centralromana.com.do\/?lang=en\/#organization","name":"Central Romana Corporation","alternateName":"Central Romana","url":"https:\/\/centralromana.com.do\/?lang=en\/","logo":{"@type":"ImageObject","inLanguage":"en-US","@id":"https:\/\/centralromana.com.do\/?lang=en\/#\/schema\/logo\/image\/","url":"https:\/\/centralromana.com.do\/wp-content\/uploads\/2024\/09\/central-romana-favicon.jpg","contentUrl":"https:\/\/centralromana.com.do\/wp-content\/uploads\/2024\/09\/central-romana-favicon.jpg","width":144,"height":144,"caption":"Central Romana Corporation"},"image":{"@id":"https:\/\/centralromana.com.do\/?lang=en\/#\/schema\/logo\/image\/"}},{"@type":"Person","@id":"https:\/\/centralromana.com.do\/?lang=en\/#\/schema\/person\/865e7be7a5e838a950ec8b29653ea754","name":"Relaciones P\u00fablicas","image":{"@type":"ImageObject","inLanguage":"en-US","@id":"https:\/\/centralromana.com.do\/?lang=en\/#\/schema\/person\/image\/","url":"https:\/\/secure.gravatar.com\/avatar\/7f31e463429d64ef6d9a0f27d0ae842f18467490a635d0e7702eb580d3de7fa4?s=96&d=mm&r=g","contentUrl":"https:\/\/secure.gravatar.com\/avatar\/7f31e463429d64ef6d9a0f27d0ae842f18467490a635d0e7702eb580d3de7fa4?s=96&d=mm&r=g","caption":"Relaciones P\u00fablicas"},"sameAs":["http:\/\/rl@centralromana.com.do"],"url":"https:\/\/centralromana.com.do\/en\/author\/relacionespublicas\/"}]}},"_links":{"self":[{"href":"https:\/\/centralromana.com.do\/en\/wp-json\/wp\/v2\/posts\/2685","targetHints":{"allow":["GET"]}}],"collection":[{"href":"https:\/\/centralromana.com.do\/en\/wp-json\/wp\/v2\/posts"}],"about":[{"href":"https:\/\/centralromana.com.do\/en\/wp-json\/wp\/v2\/types\/post"}],"author":[{"embeddable":true,"href":"https:\/\/centralromana.com.do\/en\/wp-json\/wp\/v2\/users\/6"}],"replies":[{"embeddable":true,"href":"https:\/\/centralromana.com.do\/en\/wp-json\/wp\/v2\/comments?post=2685"}],"version-history":[{"count":0,"href":"https:\/\/centralromana.com.do\/en\/wp-json\/wp\/v2\/posts\/2685\/revisions"}],"wp:featuredmedia":[{"embeddable":true,"href":"https:\/\/centralromana.com.do\/en\/wp-json\/wp\/v2\/media\/2645"}],"wp:attachment":[{"href":"https:\/\/centralromana.com.do\/en\/wp-json\/wp\/v2\/media?parent=2685"}],"wp:term":[{"taxonomy":"category","embeddable":true,"href":"https:\/\/centralromana.com.do\/en\/wp-json\/wp\/v2\/categories?post=2685"},{"taxonomy":"post_tag","embeddable":true,"href":"https:\/\/centralromana.com.do\/en\/wp-json\/wp\/v2\/tags?post=2685"}],"curies":[{"name":"wp","href":"https:\/\/api.w.org\/{rel}","templated":true}]}}