{"id":1273,"date":"2023-10-26T20:24:18","date_gmt":"2023-10-26T20:24:18","guid":{"rendered":"http:\/\/centralromana.com.do\/?p=1273&#038;lang=en"},"modified":"2024-08-07T08:23:17","modified_gmt":"2024-08-07T08:23:17","slug":"central-romana-corporation-signs-agreement-to-provide-private-health-insurance-to-all-of-its-agricultural-workers","status":"publish","type":"post","link":"https:\/\/centralromana.com.do\/en\/central-romana-corporation-signs-agreement-to-provide-private-health-insurance-to-all-of-its-agricultural-workers\/","title":{"rendered":"Central Romana Corporation signs agreement to provide private health insurance to all of its agricultural workers"},"content":{"rendered":"<p><a href=\"http:\/\/centralromana.com.do\/wp-content\/uploads\/2023\/10\/EJECUT1-1-scaled.jpg\"><img decoding=\"async\" width=\"700\" height=\"400\" class=\"aligncenter size-large wp-image-1275 lazyload\" data-src=\"http:\/\/centralromana.com.do\/wp-content\/uploads\/2023\/10\/EJECUT1-1-700x400.jpg\" alt=\"\" data-srcset=\"https:\/\/centralromana.com.do\/wp-content\/uploads\/2023\/10\/EJECUT1-1-700x400.jpg 700w, https:\/\/centralromana.com.do\/wp-content\/uploads\/2023\/10\/EJECUT1-1-250x143.jpg 250w, https:\/\/centralromana.com.do\/wp-content\/uploads\/2023\/10\/EJECUT1-1-768x439.jpg 768w, https:\/\/centralromana.com.do\/wp-content\/uploads\/2023\/10\/EJECUT1-1-1536x877.jpg 1536w, https:\/\/centralromana.com.do\/wp-content\/uploads\/2023\/10\/EJECUT1-1-2048x1170.jpg 2048w, https:\/\/centralromana.com.do\/wp-content\/uploads\/2023\/10\/EJECUT1-1-120x69.jpg 120w\" data-sizes=\"(max-width: 700px) 100vw, 700px\" src=\"data:image\/svg+xml;base64,PHN2ZyB3aWR0aD0iMSIgaGVpZ2h0PSIxIiB4bWxucz0iaHR0cDovL3d3dy53My5vcmcvMjAwMC9zdmciPjwvc3ZnPg==\" style=\"--smush-placeholder-width: 700px; --smush-placeholder-aspect-ratio: 700\/400;\" \/><\/a><\/p>\n<p>Central Romana announced the signing of an <a href=\"https:\/\/www.elcaribe.com.do\/panorama\/pais\/central-romana-firma-un-acuerdo-con-las-ars-abel-gonzalez\/\">agreement<\/a> with the health administrator ARS Abel Gonz\u00e1lez, becoming pioneers in providing private insurance coverage at no cost for its agricultural workers who are not registered under the social security system, in addition to all the health services that are already provided by the company.<\/p>\n<p>This medical insurance, which entails an investment of more than RD$60 million pesos per year for the Central Romana, will cover 100% of the worker&#8217;s emergency medical services, surgery room, medical fees and anesthesia, room per day, medicines and hospitalization material, kidney transplant cases, dental plan, among other additional compensations such as funeral expenses and life insurance.<\/p>\n<p>The agreement was signed by Eduardo Mart\u00ednez-Lima Jr., Vice President of Administration of Central Romana, and Dr. Jos\u00e9 Abel Gonz\u00e1lez Fr\u00f3meta, Vice President of the Board of Directors of ARS Abel Gonz\u00e1lez.<\/p>\n<p>&#8220;Central Romana&#8217;s commitment to its employees has always been oriented towards the well-being of the worker as part of its labor benefits, especially in the aspect of health that we reaffirm today with this agreement,&#8221; said engineer Mart\u00ednez-Lima Jr.<\/p>\n<p>For his part, Dr. Gonz\u00e1lez Fr\u00f3meta highlighted his satisfaction in continuing a relationship that for decades has covered the medical needs of the employees of Central Romana who contribute so much to the development of the Eastern region of the Dominican Republic. &#8220;Our goal is to serve, and that the workers feel the support and experience of the ARS Abel Gonz\u00e1lez, always focused on prevention and health of Dominicans,&#8221; he added.<\/p>\n<p>Central Romana assured that this medical coverage plan is a complement to the health programs that the company always has available to all its workers, including a modern hospital in La Romana, two Subcenters strategically located in the agricultural areas of Lechugas and Baigu\u00e1 for free primary care, four Mobile Medical Units that travel daily to the sugarcane communities offering consultations and medicines at no cost.<\/p>\n<p>In addition to these social plans, the company also continues to advance in the transformation of its agricultural processes, providing new job opportunities for its field workers as operators of tractors, loaders and harvesters in the training for mechanization of sugarcane cutting.<\/p>\n<p>To read the full article in Spanish &#8211; <a href=\"https:\/\/elnacional.com.do\/central-romana-protege-servidores-estan-fuera-sistema-ss\/\">click here<\/a>. Prefer to listen? <a href=\"https:\/\/soundcloud.com\/central-romana\/central-romana-corp-signs\">Click here<\/a> to listen to this article.<\/p>\n<p>&nbsp;<\/p>\n<p>&nbsp;<\/p>\n<p>Follow us:<\/p>\n<p><strong>Instagram:<\/strong> <a href=\"https:\/\/www.instagram.com\/centralromanacorp\/\">https:\/\/www.instagram.com\/centralromanacorp\/<\/a><\/p>\n<p><strong>Facebook:<\/strong> <a href=\"https:\/\/www.facebook.com\/centralromana\">https:\/\/www.facebook.com\/centralromana<\/a><\/p>\n<p><strong>Twitter \/ X:<\/strong> <a href=\"https:\/\/twitter.com\/CentralRomana\">https:\/\/twitter.com\/CentralRomana<\/a><\/p>\n<p><strong>Youtube:<\/strong> <a href=\"https:\/\/www.youtube.com\/@CentralRomana\">https:\/\/www.youtube.com\/@CentralRomana<\/a><\/p>\n","protected":false},"excerpt":{"rendered":"Central Romana announced the signing of an agreement with the health administrator ARS Abel Gonz\u00e1lez, becoming pioneers in providing private insurance coverage at no cost for its agricultural workers who are not registered under the social security system, in addition to all the health services that are already provided by the company. This medical insurance,&#8230; <a class=\"view-article\" href=\"https:\/\/centralromana.com.do\/en\/central-romana-corporation-signs-agreement-to-provide-private-health-insurance-to-all-of-its-agricultural-workers\/\">View Article<\/a>","protected":false},"author":6,"featured_media":1274,"comment_status":"closed","ping_status":"closed","sticky":false,"template":"","format":"standard","meta":{"_acf_changed":false,"ngg_post_thumbnail":0,"footnotes":""},"categories":[6],"tags":[81,261,259,137,115],"class_list":["post-1273","post","type-post","status-publish","format-standard","has-post-thumbnail","hentry","category-corporate-information","tag-agricultural-communities","tag-ars-abel-gonzalez-en","tag-central-romana-corporation-en","tag-health","tag-social-commitment"],"acf":[],"yoast_head":"<!-- This site is optimized with the Yoast SEO plugin v25.9 - https:\/\/yoast.com\/wordpress\/plugins\/seo\/ -->\n<title>Central Romana Corporation signs agreement to provide private health insurance to all of its agricultural workers - Central Romana<\/title>\n<meta name=\"robots\" content=\"index, follow, max-snippet:-1, max-image-preview:large, max-video-preview:-1\" \/>\n<link rel=\"canonical\" href=\"https:\/\/centralromana.com.do\/central-romana-corporation-firma-acuerdo-con-ars-abel-gonzalez-para-proveer-seguro-medico-a-todos-sus-trabajadores-agricolas\/\" \/>\n<meta property=\"og:locale\" content=\"en_US\" \/>\n<meta property=\"og:type\" content=\"article\" \/>\n<meta property=\"og:title\" content=\"Central Romana Corporation signs agreement to provide private health insurance to all of its agricultural workers - Central Romana\" \/>\n<meta property=\"og:description\" content=\"Central Romana announced the signing of an agreement with the health administrator ARS Abel Gonz\u00e1lez, becoming pioneers in providing private insurance coverage at no cost for its agricultural workers who are not registered under the social security system, in addition to all the health services that are already provided by the company. This medical insurance,... View Article\" \/>\n<meta property=\"og:url\" content=\"https:\/\/centralromana.com.do\/central-romana-corporation-firma-acuerdo-con-ars-abel-gonzalez-para-proveer-seguro-medico-a-todos-sus-trabajadores-agricolas\/\" \/>\n<meta property=\"og:site_name\" content=\"Central Romana\" \/>\n<meta property=\"article:published_time\" content=\"2023-10-26T20:24:18+00:00\" \/>\n<meta property=\"article:modified_time\" content=\"2024-08-07T08:23:17+00:00\" \/>\n<meta property=\"og:image\" content=\"https:\/\/centralromana.com.do\/wp-content\/uploads\/2023\/10\/EDUARD1-1-scaled.jpg\" \/>\n\t<meta property=\"og:image:width\" content=\"2560\" \/>\n\t<meta property=\"og:image:height\" content=\"1621\" \/>\n\t<meta property=\"og:image:type\" content=\"image\/jpeg\" \/>\n<meta name=\"author\" content=\"Relaciones P\u00fablicas\" \/>\n<meta name=\"twitter:card\" content=\"summary_large_image\" \/>\n<meta name=\"twitter:label1\" content=\"Written by\" \/>\n\t<meta name=\"twitter:data1\" content=\"Relaciones P\u00fablicas\" \/>\n\t<meta name=\"twitter:label2\" content=\"Est. reading time\" \/>\n\t<meta name=\"twitter:data2\" content=\"3 minutes\" \/>\n<script type=\"application\/ld+json\" class=\"yoast-schema-graph\">{\"@context\":\"https:\/\/schema.org\",\"@graph\":[{\"@type\":\"Article\",\"@id\":\"https:\/\/centralromana.com.do\/central-romana-corporation-firma-acuerdo-con-ars-abel-gonzalez-para-proveer-seguro-medico-a-todos-sus-trabajadores-agricolas\/#article\",\"isPartOf\":{\"@id\":\"https:\/\/centralromana.com.do\/central-romana-corporation-firma-acuerdo-con-ars-abel-gonzalez-para-proveer-seguro-medico-a-todos-sus-trabajadores-agricolas\/\"},\"author\":{\"name\":\"Relaciones P\u00fablicas\",\"@id\":\"https:\/\/centralromana.com.do\/?lang=en\/#\/schema\/person\/865e7be7a5e838a950ec8b29653ea754\"},\"headline\":\"Central Romana Corporation signs agreement to provide private health insurance to all of its agricultural workers\",\"datePublished\":\"2023-10-26T20:24:18+00:00\",\"dateModified\":\"2024-08-07T08:23:17+00:00\",\"mainEntityOfPage\":{\"@id\":\"https:\/\/centralromana.com.do\/central-romana-corporation-firma-acuerdo-con-ars-abel-gonzalez-para-proveer-seguro-medico-a-todos-sus-trabajadores-agricolas\/\"},\"wordCount\":431,\"publisher\":{\"@id\":\"https:\/\/centralromana.com.do\/?lang=en\/#organization\"},\"image\":{\"@id\":\"https:\/\/centralromana.com.do\/central-romana-corporation-firma-acuerdo-con-ars-abel-gonzalez-para-proveer-seguro-medico-a-todos-sus-trabajadores-agricolas\/#primaryimage\"},\"thumbnailUrl\":\"https:\/\/centralromana.com.do\/wp-content\/uploads\/2023\/10\/EDUARD1-1-scaled.jpg\",\"keywords\":[\"agricultural communities\",\"ARS Abel Gonz\u00e1lez\",\"Central Romana Corporation\",\"health\",\"social commitment\"],\"articleSection\":[\"Corporate Information\"],\"inLanguage\":\"en-US\"},{\"@type\":\"WebPage\",\"@id\":\"https:\/\/centralromana.com.do\/central-romana-corporation-firma-acuerdo-con-ars-abel-gonzalez-para-proveer-seguro-medico-a-todos-sus-trabajadores-agricolas\/\",\"url\":\"https:\/\/centralromana.com.do\/central-romana-corporation-firma-acuerdo-con-ars-abel-gonzalez-para-proveer-seguro-medico-a-todos-sus-trabajadores-agricolas\/\",\"name\":\"Central Romana Corporation signs agreement to provide private health insurance to all of its agricultural workers - Central Romana\",\"isPartOf\":{\"@id\":\"https:\/\/centralromana.com.do\/?lang=en\/#website\"},\"primaryImageOfPage\":{\"@id\":\"https:\/\/centralromana.com.do\/central-romana-corporation-firma-acuerdo-con-ars-abel-gonzalez-para-proveer-seguro-medico-a-todos-sus-trabajadores-agricolas\/#primaryimage\"},\"image\":{\"@id\":\"https:\/\/centralromana.com.do\/central-romana-corporation-firma-acuerdo-con-ars-abel-gonzalez-para-proveer-seguro-medico-a-todos-sus-trabajadores-agricolas\/#primaryimage\"},\"thumbnailUrl\":\"https:\/\/centralromana.com.do\/wp-content\/uploads\/2023\/10\/EDUARD1-1-scaled.jpg\",\"datePublished\":\"2023-10-26T20:24:18+00:00\",\"dateModified\":\"2024-08-07T08:23:17+00:00\",\"breadcrumb\":{\"@id\":\"https:\/\/centralromana.com.do\/central-romana-corporation-firma-acuerdo-con-ars-abel-gonzalez-para-proveer-seguro-medico-a-todos-sus-trabajadores-agricolas\/#breadcrumb\"},\"inLanguage\":\"en-US\",\"potentialAction\":[{\"@type\":\"ReadAction\",\"target\":[\"https:\/\/centralromana.com.do\/central-romana-corporation-firma-acuerdo-con-ars-abel-gonzalez-para-proveer-seguro-medico-a-todos-sus-trabajadores-agricolas\/\"]}]},{\"@type\":\"ImageObject\",\"inLanguage\":\"en-US\",\"@id\":\"https:\/\/centralromana.com.do\/central-romana-corporation-firma-acuerdo-con-ars-abel-gonzalez-para-proveer-seguro-medico-a-todos-sus-trabajadores-agricolas\/#primaryimage\",\"url\":\"https:\/\/centralromana.com.do\/wp-content\/uploads\/2023\/10\/EDUARD1-1-scaled.jpg\",\"contentUrl\":\"https:\/\/centralromana.com.do\/wp-content\/uploads\/2023\/10\/EDUARD1-1-scaled.jpg\",\"width\":2560,\"height\":1621},{\"@type\":\"BreadcrumbList\",\"@id\":\"https:\/\/centralromana.com.do\/central-romana-corporation-firma-acuerdo-con-ars-abel-gonzalez-para-proveer-seguro-medico-a-todos-sus-trabajadores-agricolas\/#breadcrumb\",\"itemListElement\":[{\"@type\":\"ListItem\",\"position\":1,\"name\":\"Portada\",\"item\":\"https:\/\/centralromana.com.do\/en\/\"},{\"@type\":\"ListItem\",\"position\":2,\"name\":\"Central Romana Corporation signs agreement to provide private health insurance to all of its agricultural workers\"}]},{\"@type\":\"WebSite\",\"@id\":\"https:\/\/centralromana.com.do\/?lang=en\/#website\",\"url\":\"https:\/\/centralromana.com.do\/?lang=en\/\",\"name\":\"Central Romana\",\"description\":\"Central Romana: A century of Dominican excellence in sugar innovation, tourism, and diversified sectors, fostering social impact\",\"publisher\":{\"@id\":\"https:\/\/centralromana.com.do\/?lang=en\/#organization\"},\"potentialAction\":[{\"@type\":\"SearchAction\",\"target\":{\"@type\":\"EntryPoint\",\"urlTemplate\":\"https:\/\/centralromana.com.do\/?lang=en\/?s={search_term_string}\"},\"query-input\":{\"@type\":\"PropertyValueSpecification\",\"valueRequired\":true,\"valueName\":\"search_term_string\"}}],\"inLanguage\":\"en-US\"},{\"@type\":\"Organization\",\"@id\":\"https:\/\/centralromana.com.do\/?lang=en\/#organization\",\"name\":\"Central Romana Corporation\",\"alternateName\":\"Central Romana\",\"url\":\"https:\/\/centralromana.com.do\/?lang=en\/\",\"logo\":{\"@type\":\"ImageObject\",\"inLanguage\":\"en-US\",\"@id\":\"https:\/\/centralromana.com.do\/?lang=en\/#\/schema\/logo\/image\/\",\"url\":\"https:\/\/centralromana.com.do\/wp-content\/uploads\/2024\/09\/central-romana-favicon.jpg\",\"contentUrl\":\"https:\/\/centralromana.com.do\/wp-content\/uploads\/2024\/09\/central-romana-favicon.jpg\",\"width\":144,\"height\":144,\"caption\":\"Central Romana Corporation\"},\"image\":{\"@id\":\"https:\/\/centralromana.com.do\/?lang=en\/#\/schema\/logo\/image\/\"}},{\"@type\":\"Person\",\"@id\":\"https:\/\/centralromana.com.do\/?lang=en\/#\/schema\/person\/865e7be7a5e838a950ec8b29653ea754\",\"name\":\"Relaciones P\u00fablicas\",\"image\":{\"@type\":\"ImageObject\",\"inLanguage\":\"en-US\",\"@id\":\"https:\/\/centralromana.com.do\/?lang=en\/#\/schema\/person\/image\/\",\"url\":\"https:\/\/secure.gravatar.com\/avatar\/7f31e463429d64ef6d9a0f27d0ae842f18467490a635d0e7702eb580d3de7fa4?s=96&d=mm&r=g\",\"contentUrl\":\"https:\/\/secure.gravatar.com\/avatar\/7f31e463429d64ef6d9a0f27d0ae842f18467490a635d0e7702eb580d3de7fa4?s=96&d=mm&r=g\",\"caption\":\"Relaciones P\u00fablicas\"},\"sameAs\":[\"http:\/\/rl@centralromana.com.do\"],\"url\":\"https:\/\/centralromana.com.do\/en\/author\/relacionespublicas\/\"}]}<\/script>\n<!-- \/ Yoast SEO plugin. -->","yoast_head_json":{"title":"Central Romana Corporation signs agreement to provide private health insurance to all of its agricultural workers - Central Romana","robots":{"index":"index","follow":"follow","max-snippet":"max-snippet:-1","max-image-preview":"max-image-preview:large","max-video-preview":"max-video-preview:-1"},"canonical":"https:\/\/centralromana.com.do\/central-romana-corporation-firma-acuerdo-con-ars-abel-gonzalez-para-proveer-seguro-medico-a-todos-sus-trabajadores-agricolas\/","og_locale":"en_US","og_type":"article","og_title":"Central Romana Corporation signs agreement to provide private health insurance to all of its agricultural workers - Central Romana","og_description":"Central Romana announced the signing of an agreement with the health administrator ARS Abel Gonz\u00e1lez, becoming pioneers in providing private insurance coverage at no cost for its agricultural workers who are not registered under the social security system, in addition to all the health services that are already provided by the company. This medical insurance,... View Article","og_url":"https:\/\/centralromana.com.do\/central-romana-corporation-firma-acuerdo-con-ars-abel-gonzalez-para-proveer-seguro-medico-a-todos-sus-trabajadores-agricolas\/","og_site_name":"Central Romana","article_published_time":"2023-10-26T20:24:18+00:00","article_modified_time":"2024-08-07T08:23:17+00:00","og_image":[{"width":2560,"height":1621,"url":"https:\/\/centralromana.com.do\/wp-content\/uploads\/2023\/10\/EDUARD1-1-scaled.jpg","type":"image\/jpeg"}],"author":"Relaciones P\u00fablicas","twitter_card":"summary_large_image","twitter_misc":{"Written by":"Relaciones P\u00fablicas","Est. reading time":"3 minutes"},"schema":{"@context":"https:\/\/schema.org","@graph":[{"@type":"Article","@id":"https:\/\/centralromana.com.do\/central-romana-corporation-firma-acuerdo-con-ars-abel-gonzalez-para-proveer-seguro-medico-a-todos-sus-trabajadores-agricolas\/#article","isPartOf":{"@id":"https:\/\/centralromana.com.do\/central-romana-corporation-firma-acuerdo-con-ars-abel-gonzalez-para-proveer-seguro-medico-a-todos-sus-trabajadores-agricolas\/"},"author":{"name":"Relaciones P\u00fablicas","@id":"https:\/\/centralromana.com.do\/?lang=en\/#\/schema\/person\/865e7be7a5e838a950ec8b29653ea754"},"headline":"Central Romana Corporation signs agreement to provide private health insurance to all of its agricultural workers","datePublished":"2023-10-26T20:24:18+00:00","dateModified":"2024-08-07T08:23:17+00:00","mainEntityOfPage":{"@id":"https:\/\/centralromana.com.do\/central-romana-corporation-firma-acuerdo-con-ars-abel-gonzalez-para-proveer-seguro-medico-a-todos-sus-trabajadores-agricolas\/"},"wordCount":431,"publisher":{"@id":"https:\/\/centralromana.com.do\/?lang=en\/#organization"},"image":{"@id":"https:\/\/centralromana.com.do\/central-romana-corporation-firma-acuerdo-con-ars-abel-gonzalez-para-proveer-seguro-medico-a-todos-sus-trabajadores-agricolas\/#primaryimage"},"thumbnailUrl":"https:\/\/centralromana.com.do\/wp-content\/uploads\/2023\/10\/EDUARD1-1-scaled.jpg","keywords":["agricultural communities","ARS Abel Gonz\u00e1lez","Central Romana Corporation","health","social commitment"],"articleSection":["Corporate Information"],"inLanguage":"en-US"},{"@type":"WebPage","@id":"https:\/\/centralromana.com.do\/central-romana-corporation-firma-acuerdo-con-ars-abel-gonzalez-para-proveer-seguro-medico-a-todos-sus-trabajadores-agricolas\/","url":"https:\/\/centralromana.com.do\/central-romana-corporation-firma-acuerdo-con-ars-abel-gonzalez-para-proveer-seguro-medico-a-todos-sus-trabajadores-agricolas\/","name":"Central Romana Corporation signs agreement to provide private health insurance to all of its agricultural workers - Central Romana","isPartOf":{"@id":"https:\/\/centralromana.com.do\/?lang=en\/#website"},"primaryImageOfPage":{"@id":"https:\/\/centralromana.com.do\/central-romana-corporation-firma-acuerdo-con-ars-abel-gonzalez-para-proveer-seguro-medico-a-todos-sus-trabajadores-agricolas\/#primaryimage"},"image":{"@id":"https:\/\/centralromana.com.do\/central-romana-corporation-firma-acuerdo-con-ars-abel-gonzalez-para-proveer-seguro-medico-a-todos-sus-trabajadores-agricolas\/#primaryimage"},"thumbnailUrl":"https:\/\/centralromana.com.do\/wp-content\/uploads\/2023\/10\/EDUARD1-1-scaled.jpg","datePublished":"2023-10-26T20:24:18+00:00","dateModified":"2024-08-07T08:23:17+00:00","breadcrumb":{"@id":"https:\/\/centralromana.com.do\/central-romana-corporation-firma-acuerdo-con-ars-abel-gonzalez-para-proveer-seguro-medico-a-todos-sus-trabajadores-agricolas\/#breadcrumb"},"inLanguage":"en-US","potentialAction":[{"@type":"ReadAction","target":["https:\/\/centralromana.com.do\/central-romana-corporation-firma-acuerdo-con-ars-abel-gonzalez-para-proveer-seguro-medico-a-todos-sus-trabajadores-agricolas\/"]}]},{"@type":"ImageObject","inLanguage":"en-US","@id":"https:\/\/centralromana.com.do\/central-romana-corporation-firma-acuerdo-con-ars-abel-gonzalez-para-proveer-seguro-medico-a-todos-sus-trabajadores-agricolas\/#primaryimage","url":"https:\/\/centralromana.com.do\/wp-content\/uploads\/2023\/10\/EDUARD1-1-scaled.jpg","contentUrl":"https:\/\/centralromana.com.do\/wp-content\/uploads\/2023\/10\/EDUARD1-1-scaled.jpg","width":2560,"height":1621},{"@type":"BreadcrumbList","@id":"https:\/\/centralromana.com.do\/central-romana-corporation-firma-acuerdo-con-ars-abel-gonzalez-para-proveer-seguro-medico-a-todos-sus-trabajadores-agricolas\/#breadcrumb","itemListElement":[{"@type":"ListItem","position":1,"name":"Portada","item":"https:\/\/centralromana.com.do\/en\/"},{"@type":"ListItem","position":2,"name":"Central Romana Corporation signs agreement to provide private health insurance to all of its agricultural workers"}]},{"@type":"WebSite","@id":"https:\/\/centralromana.com.do\/?lang=en\/#website","url":"https:\/\/centralromana.com.do\/?lang=en\/","name":"Central Romana","description":"Central Romana: A century of Dominican excellence in sugar innovation, tourism, and diversified sectors, fostering social impact","publisher":{"@id":"https:\/\/centralromana.com.do\/?lang=en\/#organization"},"potentialAction":[{"@type":"SearchAction","target":{"@type":"EntryPoint","urlTemplate":"https:\/\/centralromana.com.do\/?lang=en\/?s={search_term_string}"},"query-input":{"@type":"PropertyValueSpecification","valueRequired":true,"valueName":"search_term_string"}}],"inLanguage":"en-US"},{"@type":"Organization","@id":"https:\/\/centralromana.com.do\/?lang=en\/#organization","name":"Central Romana Corporation","alternateName":"Central Romana","url":"https:\/\/centralromana.com.do\/?lang=en\/","logo":{"@type":"ImageObject","inLanguage":"en-US","@id":"https:\/\/centralromana.com.do\/?lang=en\/#\/schema\/logo\/image\/","url":"https:\/\/centralromana.com.do\/wp-content\/uploads\/2024\/09\/central-romana-favicon.jpg","contentUrl":"https:\/\/centralromana.com.do\/wp-content\/uploads\/2024\/09\/central-romana-favicon.jpg","width":144,"height":144,"caption":"Central Romana Corporation"},"image":{"@id":"https:\/\/centralromana.com.do\/?lang=en\/#\/schema\/logo\/image\/"}},{"@type":"Person","@id":"https:\/\/centralromana.com.do\/?lang=en\/#\/schema\/person\/865e7be7a5e838a950ec8b29653ea754","name":"Relaciones P\u00fablicas","image":{"@type":"ImageObject","inLanguage":"en-US","@id":"https:\/\/centralromana.com.do\/?lang=en\/#\/schema\/person\/image\/","url":"https:\/\/secure.gravatar.com\/avatar\/7f31e463429d64ef6d9a0f27d0ae842f18467490a635d0e7702eb580d3de7fa4?s=96&d=mm&r=g","contentUrl":"https:\/\/secure.gravatar.com\/avatar\/7f31e463429d64ef6d9a0f27d0ae842f18467490a635d0e7702eb580d3de7fa4?s=96&d=mm&r=g","caption":"Relaciones P\u00fablicas"},"sameAs":["http:\/\/rl@centralromana.com.do"],"url":"https:\/\/centralromana.com.do\/en\/author\/relacionespublicas\/"}]}},"_links":{"self":[{"href":"https:\/\/centralromana.com.do\/en\/wp-json\/wp\/v2\/posts\/1273","targetHints":{"allow":["GET"]}}],"collection":[{"href":"https:\/\/centralromana.com.do\/en\/wp-json\/wp\/v2\/posts"}],"about":[{"href":"https:\/\/centralromana.com.do\/en\/wp-json\/wp\/v2\/types\/post"}],"author":[{"embeddable":true,"href":"https:\/\/centralromana.com.do\/en\/wp-json\/wp\/v2\/users\/6"}],"replies":[{"embeddable":true,"href":"https:\/\/centralromana.com.do\/en\/wp-json\/wp\/v2\/comments?post=1273"}],"version-history":[{"count":0,"href":"https:\/\/centralromana.com.do\/en\/wp-json\/wp\/v2\/posts\/1273\/revisions"}],"wp:featuredmedia":[{"embeddable":true,"href":"https:\/\/centralromana.com.do\/en\/wp-json\/wp\/v2\/media\/1274"}],"wp:attachment":[{"href":"https:\/\/centralromana.com.do\/en\/wp-json\/wp\/v2\/media?parent=1273"}],"wp:term":[{"taxonomy":"category","embeddable":true,"href":"https:\/\/centralromana.com.do\/en\/wp-json\/wp\/v2\/categories?post=1273"},{"taxonomy":"post_tag","embeddable":true,"href":"https:\/\/centralromana.com.do\/en\/wp-json\/wp\/v2\/tags?post=1273"}],"curies":[{"name":"wp","href":"https:\/\/api.w.org\/{rel}","templated":true}]}}